{"id":1048,"date":"2025-04-14T12:03:11","date_gmt":"2025-04-14T09:03:11","guid":{"rendered":"https:\/\/koeoulainen.fi\/oulaistenmusiikkiviikot\/?p=1048"},"modified":"2025-04-14T13:16:51","modified_gmt":"2025-04-14T10:16:51","slug":"von-hertzen-brothers-avaa-musiikkiviikot","status":"publish","type":"post","link":"https:\/\/koeoulainen.fi\/oulaistenmusiikkiviikot\/2025\/04\/14\/von-hertzen-brothers-avaa-musiikkiviikot\/","title":{"rendered":"Von Hertzen Brothers avaa Musiikkiviikot!"},"content":{"rendered":"\n<div class=\"wp-block-image\"><figure class=\"aligncenter size-large\"><img loading=\"lazy\" decoding=\"async\" width=\"819\" height=\"1024\" src=\"http:\/\/koeoulainen.fi\/oulaistenmusiikkiviikot\/wp-content\/uploads\/sites\/2\/2025\/04\/Von-Hertzen-Brothers-819x1024.jpg\" alt=\"Von Hertzen Brothers\" class=\"wp-image-1049\" srcset=\"https:\/\/koeoulainen.fi\/oulaistenmusiikkiviikot\/wp-content\/uploads\/sites\/2\/2025\/04\/Von-Hertzen-Brothers-819x1024.jpg 819w, https:\/\/koeoulainen.fi\/oulaistenmusiikkiviikot\/wp-content\/uploads\/sites\/2\/2025\/04\/Von-Hertzen-Brothers-240x300.jpg 240w, https:\/\/koeoulainen.fi\/oulaistenmusiikkiviikot\/wp-content\/uploads\/sites\/2\/2025\/04\/Von-Hertzen-Brothers-768x960.jpg 768w, https:\/\/koeoulainen.fi\/oulaistenmusiikkiviikot\/wp-content\/uploads\/sites\/2\/2025\/04\/Von-Hertzen-Brothers.jpg 1080w\" sizes=\"auto, (max-width: 819px) 100vw, 819px\" \/><\/figure><\/div>\n\n\n\n<h2 class=\"wp-block-heading\">Von Hertzen Brothers akustiselle erikoiskiertueelle ensi syksyn\u00e4<\/h2>\n\n\n\n<p>Maamme musiikkikent\u00e4n ykk\u00f6snimien joukkoon asemansa sementoinut&nbsp;<strong>Von Hertzen Brothers<\/strong>&nbsp;k\u00e4ynnist\u00e4\u00e4 Suomea halkovan&nbsp;Acoustic Vol. 2&nbsp;-kiertueensa syyskuussa. Yhtyeelle kiertueen p\u00e4\u00e4t\u00f6skonsertti on Oulaisten Musiikkiviikoille syksyn 2025 ohjelmiston avauskonsertti.&nbsp;<\/p>\n\n\n\n<p>Yhteens\u00e4 13 paikkakuntaa kattavalla erikoiskiertueella kuullaan rakastetun yhtyeen monipuolista tuotantoa uudessa valossa. Settilista tarjoaa tuoreita akustisia sovituksia yhtyeen tunnetuimmista hiteist\u00e4 sek\u00e4 harvemmin yleis\u00f6lle esitettyj\u00e4 yll\u00e4tyksi\u00e4. Intiimi\u00e4 keikkakokemusta rikastuttavat kappaleiden taustoja syvent\u00e4v\u00e4t tarinat. Veljesten Mikko, Kie ja Jonne von Hertzenin lis\u00e4ksi kokoonpanossa vaikuttaa my\u00f6s multi-instrumentalisti Markus Pajakkala. &nbsp;<\/p>\n\n\n\n<p>Von Hertzen Brothersin ensimm\u00e4isen kerran syksyll\u00e4 2023 toteutunut, ylisanoja ker\u00e4nnyt akustinen kiertue oli l\u00e4hes kaikilla paikkakunnilla loppuunmyyty.&nbsp;&nbsp;\u201d<em>Akustisille keikoille valitsemme mukaan my\u00f6s harvemmin esitettyj\u00e4, ehk\u00e4 paremmin konserttisaleihin kuin rokkiklubeille sopivia VHB-kappaleita vuosien varrelta. T\u00e4ll\u00e4 kertaa painotamme valintoja, jotka eiv\u00e4t olleet mukana vuoden 2023 kiertueen setiss\u00e4. Tarinoimme my\u00f6s syntyj\u00e4 syvi\u00e4 biisien taustoista \u2013 siit\u00e4 j\u00e4i viimeksi erityisen hauska ja yhteis\u00f6llinen fiilis<\/em>\u201d, kertoo kitaristi Kie von Hertzen.&nbsp;<\/p>\n\n\n\n<p>Mikko von Hertzen t\u00e4ydent\u00e4\u00e4: \u201d<em>Meid\u00e4n tapauksessa&nbsp;acoustic&nbsp;tarkoittaa sit\u00e4, ett\u00e4 soitetaan laajemmalla instrumentaatiolla kuin yleens\u00e4 \u2013 mutta t\u00e4ydell\u00e4 fiiliksell\u00e4. Se on varmaa, ett\u00e4 pyllyt tahtoo nousta penkist\u00e4 sek\u00e4 lavalla ett\u00e4 yleis\u00f6ss\u00e4!<\/em>\u201d&nbsp;<\/p>\n\n\n\n<p>Von Hertzen Brothers&nbsp;on uransa aikana julkaissut yhdeks\u00e4n studioalbumia, kokoelmalevyn ja livealbumin sek\u00e4 keikkaillut aktiivisesti niin Suomessa kuin ulkomaillakin. Yhtyeen uusin albumi&nbsp;<em>In Murmuration<\/em>&nbsp;ilmestyi marraskuussa 2024.&nbsp;<\/p>\n\n\n\n<p>Lipunmyynti k\u00e4ynnistyy kunkin esiintymispaikan lipunmyyntikanavissa tiistaina 15. huhtikuuta klo 9 &#8211;<strong> Oulaisten Musiikkiviikkojen osalta lipunmyynnin k\u00e4ynnistymisest\u00e4 tiedotetaan my\u00f6hemmin.<\/strong> <\/p>\n\n\n\n<p>Musiikkiviikot j\u00e4rjestet\u00e4\u00e4n syksyll\u00e4 26.10.-16.11.2025 jo 39. kerran. Koko ohjelmisto julkistetaan kes\u00e4kuussa.&nbsp;<\/p>\n\n\n\n<p><\/p>\n\n\n\n<p><strong>VON&nbsp;HERTZEN&nbsp;BROTHERS&nbsp;ACOUSTIC VOL. 2 &#8211; TOUR 2025&nbsp;<\/strong><\/p>\n\n\n\n<ul class=\"no-black-balls wp-block-list\"><li>19.09.&nbsp;VANTAA Martinus&nbsp;<\/li><li>20.09. LAPPEENRANTA Nuijamies&nbsp;<\/li><li>02.10. KLAUKKALA Monikkosali&nbsp;<\/li><li>03.10. VAASA Ritz&nbsp;<\/li><li>04.10. KEMPELE Piril\u00e4-sali&nbsp;<\/li><li>05.10. PORI Porin Teatteri&nbsp;<\/li><li>10.10. MIKKELI Mikaeli&nbsp;<\/li><li>11.10. H\u00c4MEENLINNA Painohalli&nbsp;<\/li><li>17.10. TURKU Sigyn-sali&nbsp;<\/li><li>18.10. KOUVOLA Pato Areena&nbsp;<\/li><li>23.10. HYVINK\u00c4\u00c4 Hyvink\u00e4\u00e4sali&nbsp;<\/li><li>25.10. TAMPERE G Livelab&nbsp;<\/li><li>26.10. OULAINEN Oulaisten Musiikkiviikot&nbsp;<\/li><\/ul>\n\n\n\n<p><a rel=\"noreferrer noopener\" href=\"https:\/\/eur04.safelinks.protection.outlook.com\/?url=http%3A%2F%2Fwww.vonhertzenbrothers.com%2F&amp;data=05%7C02%7Canna.koivukangas%40oulainen.fi%7C05f76c2697a74f0fb25e08dd772ad0ae%7Cde6030bca6f8446e95ff1bb8c1d64be9%7C0%7C0%7C638797747962379061%7CUnknown%7CTWFpbGZsb3d8eyJFbXB0eU1hcGkiOnRydWUsIlYiOiIwLjAuMDAwMCIsIlAiOiJXaW4zMiIsIkFOIjoiTWFpbCIsIldUIjoyfQ%3D%3D%7C0%7C%7C%7C&amp;sdata=Va6Zdv5d5mYQoifFedOqzWMbkpzOGsTNk%2BSLt%2BShwkI%3D&amp;reserved=0\" target=\"_blank\">www.vonhertzenbrothers.com<\/a>\u00a0<br><a rel=\"noreferrer noopener\" href=\"https:\/\/eur04.safelinks.protection.outlook.com\/?url=http%3A%2F%2Fwww.facebook.com%2Fvonhertzenbrothersofficial&amp;data=05%7C02%7Canna.koivukangas%40oulainen.fi%7C05f76c2697a74f0fb25e08dd772ad0ae%7Cde6030bca6f8446e95ff1bb8c1d64be9%7C0%7C0%7C638797747962392269%7CUnknown%7CTWFpbGZsb3d8eyJFbXB0eU1hcGkiOnRydWUsIlYiOiIwLjAuMDAwMCIsIlAiOiJXaW4zMiIsIkFOIjoiTWFpbCIsIldUIjoyfQ%3D%3D%7C0%7C%7C%7C&amp;sdata=qFeNPmfkPcQM7LgNmPatyqxnl8gd7aX9bsZt%2FgEyzdY%3D&amp;reserved=0\" target=\"_blank\">www.facebook.com\/vonhertzenbrothersofficial<\/a>\u00a0\u00a0<br><a rel=\"noreferrer noopener\" href=\"https:\/\/eur04.safelinks.protection.outlook.com\/?url=http%3A%2F%2Fwww.fullsteam.fi%2F&amp;data=05%7C02%7Canna.koivukangas%40oulainen.fi%7C05f76c2697a74f0fb25e08dd772ad0ae%7Cde6030bca6f8446e95ff1bb8c1d64be9%7C0%7C0%7C638797747962405009%7CUnknown%7CTWFpbGZsb3d8eyJFbXB0eU1hcGkiOnRydWUsIlYiOiIwLjAuMDAwMCIsIlAiOiJXaW4zMiIsIkFOIjoiTWFpbCIsIldUIjoyfQ%3D%3D%7C0%7C%7C%7C&amp;sdata=GBT6nerALvNF871i8%2F99T8mA5EcMhOyS32WY2IDXJK0%3D&amp;reserved=0\" target=\"_blank\">www.fullsteam.fi<\/a><\/p>\n\n\n\n<p><a rel=\"noreferrer noopener\" href=\"https:\/\/www.facebook.com\/events\/1346514176569059\" data-type=\"URL\" data-id=\"https:\/\/www.facebook.com\/events\/1346514176569059\" target=\"_blank\">Facebook-tapahtum<\/a><a href=\"https:\/\/www.facebook.com\/events\/1346514176569059\" data-type=\"URL\" data-id=\"https:\/\/www.facebook.com\/events\/1346514176569059\" target=\"_blank\" rel=\"noreferrer noopener\">a<\/a><\/p>\n","protected":false},"excerpt":{"rendered":"<p>Von Hertzen Brothers akustiselle erikoiskiertueelle ensi syksyn\u00e4 Maamme musiikkikent\u00e4n ykk\u00f6snimien joukkoon asemansa sementoinut&nbsp;Von Hertzen Brothers&nbsp;k\u00e4ynnist\u00e4\u00e4 Suomea halkovan&nbsp;Acoustic Vol. 2&nbsp;-kiertueensa syyskuussa. Yhtyeelle kiertueen p\u00e4\u00e4t\u00f6skonsertti on Oulaisten Musiikkiviikoille syksyn 2025 ohjelmiston avauskonsertti.&nbsp; Yhteens\u00e4 13 paikkakuntaa kattavalla erikoiskiertueella kuullaan rakastetun yhtyeen monipuolista tuotantoa uudessa valossa. Settilista tarjoaa tuoreita akustisia sovituksia yhtyeen tunnetuimmista hiteist\u00e4 sek\u00e4 harvemmin yleis\u00f6lle esitettyj\u00e4 yll\u00e4tyksi\u00e4. &hellip; <\/p>\n<p class=\"link-more\"><a href=\"https:\/\/koeoulainen.fi\/oulaistenmusiikkiviikot\/2025\/04\/14\/von-hertzen-brothers-avaa-musiikkiviikot\/\" class=\"more-link\">Lue lis\u00e4\u00e4<span class=\"screen-reader-text\"> &#8221;Von Hertzen Brothers avaa Musiikkiviikot!&#8221;<\/span><\/a><\/p>\n","protected":false},"author":3,"featured_media":0,"comment_status":"closed","ping_status":"closed","sticky":false,"template":"","format":"standard","meta":{"footnotes":""},"categories":[3,1],"tags":[28,5,123],"class_list":["post-1048","post","type-post","status-publish","format-standard","hentry","category-ajankohtaista","category-yleinen","tag-musiikkiviikot","tag-oulaistenmusiikkiviikot","tag-vonhertzenbrothers"],"_links":{"self":[{"href":"https:\/\/koeoulainen.fi\/oulaistenmusiikkiviikot\/wp-json\/wp\/v2\/posts\/1048","targetHints":{"allow":["GET"]}}],"collection":[{"href":"https:\/\/koeoulainen.fi\/oulaistenmusiikkiviikot\/wp-json\/wp\/v2\/posts"}],"about":[{"href":"https:\/\/koeoulainen.fi\/oulaistenmusiikkiviikot\/wp-json\/wp\/v2\/types\/post"}],"author":[{"embeddable":true,"href":"https:\/\/koeoulainen.fi\/oulaistenmusiikkiviikot\/wp-json\/wp\/v2\/users\/3"}],"replies":[{"embeddable":true,"href":"https:\/\/koeoulainen.fi\/oulaistenmusiikkiviikot\/wp-json\/wp\/v2\/comments?post=1048"}],"version-history":[{"count":5,"href":"https:\/\/koeoulainen.fi\/oulaistenmusiikkiviikot\/wp-json\/wp\/v2\/posts\/1048\/revisions"}],"predecessor-version":[{"id":1075,"href":"https:\/\/koeoulainen.fi\/oulaistenmusiikkiviikot\/wp-json\/wp\/v2\/posts\/1048\/revisions\/1075"}],"wp:attachment":[{"href":"https:\/\/koeoulainen.fi\/oulaistenmusiikkiviikot\/wp-json\/wp\/v2\/media?parent=1048"}],"wp:term":[{"taxonomy":"category","embeddable":true,"href":"https:\/\/koeoulainen.fi\/oulaistenmusiikkiviikot\/wp-json\/wp\/v2\/categories?post=1048"},{"taxonomy":"post_tag","embeddable":true,"href":"https:\/\/koeoulainen.fi\/oulaistenmusiikkiviikot\/wp-json\/wp\/v2\/tags?post=1048"}],"curies":[{"name":"wp","href":"https:\/\/api.w.org\/{rel}","templated":true}]}}