{"id":1089,"date":"2025-06-24T09:32:36","date_gmt":"2025-06-24T06:32:36","guid":{"rendered":"https:\/\/koeoulainen.fi\/oulaistenmusiikkiviikot\/?p=1089"},"modified":"2025-06-24T09:32:36","modified_gmt":"2025-06-24T06:32:36","slug":"lyytin-levynjulkaisukiertue-saapuu-oulaisiin","status":"publish","type":"post","link":"https:\/\/koeoulainen.fi\/oulaistenmusiikkiviikot\/2025\/06\/24\/lyytin-levynjulkaisukiertue-saapuu-oulaisiin\/","title":{"rendered":"Lyytin levynjulkaisukiertue saapuu Oulaisiin"},"content":{"rendered":"\n<figure class=\"wp-block-image aligncenter size-large\"><img loading=\"lazy\" decoding=\"async\" width=\"819\" height=\"1024\" src=\"http:\/\/koeoulainen.fi\/oulaistenmusiikkiviikot\/wp-content\/uploads\/sites\/2\/2025\/06\/Lyyti-819x1024.jpg\" alt=\"\" class=\"wp-image-1082\" srcset=\"https:\/\/koeoulainen.fi\/oulaistenmusiikkiviikot\/wp-content\/uploads\/sites\/2\/2025\/06\/Lyyti-819x1024.jpg 819w, https:\/\/koeoulainen.fi\/oulaistenmusiikkiviikot\/wp-content\/uploads\/sites\/2\/2025\/06\/Lyyti-240x300.jpg 240w, https:\/\/koeoulainen.fi\/oulaistenmusiikkiviikot\/wp-content\/uploads\/sites\/2\/2025\/06\/Lyyti.jpg 1080w\" sizes=\"auto, (max-width: 819px) 100vw, 819px\" \/><\/figure>\n\n\n\n<p><strong>Lyyti julkaisee syksyll\u00e4 nelj\u00e4nnen albuminsa \u201cPid\u00e4n sulle paikkaa\u201d ja l\u00e4htee lokakuussa kattavalle levyjulkaisukiertueelle, joka saapuu 7.11.2025 Oulaisten Musiikkiviikoille.\u00a0<\/strong><\/p>\n\n\n\n<p>Lyytin musiikissa puhuttelevat tekstit yhdistyv\u00e4t loisteliaaseen soittoon ja tuotantoon. Palkitut kappaleet kuten Mihin voi soittaa? ja Enn\u00e4tyshelteet ovat nousseet kuvaamaan nuoren sukupolven kokemusta ep\u00e4varmaan maailmantilanteeseen kasvamisesta. Silti toivon l\u00f6yt\u00e4minen vaikka pohjamutaan uponneista siemenist\u00e4 on Lyytin musiikin pohjimmainen sanoma.&nbsp;<\/p>\n\n\n\n<p>\u201dPid\u00e4n sulle paikkaa\u201d -albumi on kuin soiva satukirja, jonka tarinat tutkivat yst\u00e4vyytt\u00e4 ja yhteen kuulumista. Yst\u00e4vyytt\u00e4 opetellaan peukalot pystyss\u00e4 tienposkessa, y\u00f6junan kolinassa, p\u00e4iv\u00e4unissa ja ensik\u00e4nniss\u00e4, maineen poluilla ja mattolaituriuinneilla. Menn\u00e4\u00e4nk\u00f6 yht\u00e4 matkaa? Pid\u00e4tk\u00f6 mulle paikkaa? Pikkurillivalat vannotaan, koitetaan p\u00e4\u00e4st\u00e4 porukkaan, ja tajutaan ett\u00e4 meill\u00e4 on vain toisemme. Siisp\u00e4 rakennetaan paratiisi joutomaan laidalle ja pidet\u00e4\u00e4n juhlat, joissa on jokaiselle paikka.&nbsp;<\/p>\n\n\n\n<p>Lyyti on viime vuosina hurmannut yleis\u00f6j\u00e4 ymp\u00e4ri Suomen h\u00e4ik\u00e4isev\u00e4n yhtyeens\u00e4 kanssa. Lyyti tunnetaan monen ik\u00e4isi\u00e4 koskettavista kappaleistaan sek\u00e4 el\u00e4v\u00e4isest\u00e4 esiintymisest\u00e4\u00e4n, joka her\u00e4tt\u00e4\u00e4 laulujen tarinat henkiin. Edellinen albumi Nousussa taas ker\u00e4si kolme Emma-ehdokkuutta, ja Enn\u00e4tyshelteet-kappaleelle my\u00f6nnettiin Juha Vainio -seuran \u201dVuoden sanoitus\u201d -palkinto. Keikoilla niin riemukkaat kuin kipe\u00e4tkin tunteet elet\u00e4\u00e4n yhdess\u00e4 l\u00e4pi itkun ja naurun, tanssin ja yhteislaulun kautta.&nbsp;<\/p>\n\n\n\n<p>Kiertueen liput ovat tulossa myyntiin to 15.5.2025 klo 10. <strong>Oulaisten Musiikkiviikkojen osalta lipunmyynnin k\u00e4ynnistymisest\u00e4 tiedotetaan my\u00f6hemmin.<\/strong> Musiikkiviikot j\u00e4rjestet\u00e4\u00e4n syksyll\u00e4 26.10.-16.11.2025 jo 39. Kerran. Koko ohjelmisto julkistetaan kes\u00e4kuussa.\u00a0<\/p>\n","protected":false},"excerpt":{"rendered":"<p>Lyyti julkaisee syksyll\u00e4 nelj\u00e4nnen albuminsa \u201cPid\u00e4n sulle paikkaa\u201d ja l\u00e4htee lokakuussa kattavalle levyjulkaisukiertueelle, joka saapuu 7.11.2025 Oulaisten Musiikkiviikoille.\u00a0 Lyytin musiikissa puhuttelevat tekstit yhdistyv\u00e4t loisteliaaseen soittoon ja tuotantoon. Palkitut kappaleet kuten Mihin voi soittaa? ja Enn\u00e4tyshelteet ovat nousseet kuvaamaan nuoren sukupolven kokemusta ep\u00e4varmaan maailmantilanteeseen kasvamisesta. Silti toivon l\u00f6yt\u00e4minen vaikka pohjamutaan uponneista siemenist\u00e4 on Lyytin musiikin pohjimmainen &hellip; <\/p>\n<p class=\"link-more\"><a href=\"https:\/\/koeoulainen.fi\/oulaistenmusiikkiviikot\/2025\/06\/24\/lyytin-levynjulkaisukiertue-saapuu-oulaisiin\/\" class=\"more-link\">Lue lis\u00e4\u00e4<span class=\"screen-reader-text\"> &#8221;Lyytin levynjulkaisukiertue saapuu Oulaisiin&#8221;<\/span><\/a><\/p>\n","protected":false},"author":3,"featured_media":0,"comment_status":"closed","ping_status":"closed","sticky":false,"template":"","format":"standard","meta":{"footnotes":""},"categories":[1],"tags":[126,125,28,26,5],"class_list":["post-1089","post","type-post","status-publish","format-standard","hentry","category-yleinen","tag-kinokulma","tag-lyyti","tag-musiikkiviikot","tag-oulainen","tag-oulaistenmusiikkiviikot"],"_links":{"self":[{"href":"https:\/\/koeoulainen.fi\/oulaistenmusiikkiviikot\/wp-json\/wp\/v2\/posts\/1089","targetHints":{"allow":["GET"]}}],"collection":[{"href":"https:\/\/koeoulainen.fi\/oulaistenmusiikkiviikot\/wp-json\/wp\/v2\/posts"}],"about":[{"href":"https:\/\/koeoulainen.fi\/oulaistenmusiikkiviikot\/wp-json\/wp\/v2\/types\/post"}],"author":[{"embeddable":true,"href":"https:\/\/koeoulainen.fi\/oulaistenmusiikkiviikot\/wp-json\/wp\/v2\/users\/3"}],"replies":[{"embeddable":true,"href":"https:\/\/koeoulainen.fi\/oulaistenmusiikkiviikot\/wp-json\/wp\/v2\/comments?post=1089"}],"version-history":[{"count":3,"href":"https:\/\/koeoulainen.fi\/oulaistenmusiikkiviikot\/wp-json\/wp\/v2\/posts\/1089\/revisions"}],"predecessor-version":[{"id":1092,"href":"https:\/\/koeoulainen.fi\/oulaistenmusiikkiviikot\/wp-json\/wp\/v2\/posts\/1089\/revisions\/1092"}],"wp:attachment":[{"href":"https:\/\/koeoulainen.fi\/oulaistenmusiikkiviikot\/wp-json\/wp\/v2\/media?parent=1089"}],"wp:term":[{"taxonomy":"category","embeddable":true,"href":"https:\/\/koeoulainen.fi\/oulaistenmusiikkiviikot\/wp-json\/wp\/v2\/categories?post=1089"},{"taxonomy":"post_tag","embeddable":true,"href":"https:\/\/koeoulainen.fi\/oulaistenmusiikkiviikot\/wp-json\/wp\/v2\/tags?post=1089"}],"curies":[{"name":"wp","href":"https:\/\/api.w.org\/{rel}","templated":true}]}}