{"id":1182,"date":"2026-01-29T11:08:58","date_gmt":"2026-01-29T09:08:58","guid":{"rendered":"https:\/\/koeoulainen.fi\/oulaistenmusiikkiviikot\/?p=1182"},"modified":"2026-01-29T11:09:48","modified_gmt":"2026-01-29T09:09:48","slug":"osallistu-kavijakyselyyn","status":"publish","type":"post","link":"https:\/\/koeoulainen.fi\/oulaistenmusiikkiviikot\/2026\/01\/29\/osallistu-kavijakyselyyn\/","title":{"rendered":"Osallistu\u00a0k\u00e4vij\u00e4kyselyyn!\u00a0"},"content":{"rendered":"\n<p><\/p>\n\n\n\n<p>Kiit\u00e4mme l\u00e4mpim\u00e4sti kaikkia yhteisty\u00f6kumppaneitamme ja asiakkaitamme osallistumisesta 38. Oulaisten Musiikkiviikoille!&nbsp;<\/p>\n\n\n\n<p><strong>Olemme avanneet Musiikkiviikkojen vuoden 2025\u00a0tapahtumia ja yleisesti Musiikkiviikkoja koskevan\u00a0k\u00e4vij\u00e4kyselyn.\u00a0<\/strong><\/p>\n\n\n\n<p>Oulaisten Musiikkiviikoille osallistui j\u00e4lleen&nbsp;noin&nbsp;3000 ihmist\u00e4&nbsp;kes\u00e4etkojen,&nbsp;syksyn 10 konsertin&nbsp;ja vierailukonserttien&nbsp;aikana.&nbsp;T\u00e4n\u00e4 vuonna&nbsp;koululaisille esiintyi kansainv\u00e4linen&nbsp;residenssivieras&nbsp;Trio Raulin-Bekkas-Biyaenda&nbsp;(FR-MAR-CG), joka&nbsp;n\u00e4htiin my\u00f6s yleis\u00f6lle avoimessa harjoituksessa.&nbsp;Mukamas-teatteri vieraili Hiirenmutkan p\u00e4iv\u00e4kodilla,&nbsp;Rimpparemmi&nbsp;esiintyi&nbsp;ik\u00e4ihmisille&nbsp;Konttilan tuvalla&nbsp;sek\u00e4&nbsp;kaikille avoimessa tilaisuudessa&nbsp;Oulaisten Olotilalla.&nbsp;Etkokonsertti&nbsp;j\u00e4rjestettiin kes\u00e4kuussa Penttil\u00e4n talolla&nbsp;\u2013 niin ik\u00e4\u00e4n kaikille avoimena ja ilmaisena tapahtumana.&nbsp;Toista kertaa k\u00e4yt\u00f6ss\u00e4 oli my\u00f6s Kaikukortti, jolla mahdollistettiin tiukassa taloudellisessa tilanteessa olevien maksuton osallistuminen konsertteihin. Kaikukortin k\u00e4ytt\u00f6 vilkastui selv\u00e4sti ensimm\u00e4isest\u00e4 vuodesta.&nbsp;<\/p>\n\n\n\n<p>Tapahtumak\u00e4vij\u00f6iden palautteen avulla toivomme saavamme selville, mit\u00e4 jo pitk\u00e4\u00e4n j\u00e4rjestetylt\u00e4 tapahtumalta toivotaan tulevaisuudessa, miss\u00e4\u00a0onnistuimme\u00a0ja miss\u00e4 meill\u00e4 olisi parannettavaa.\u00a0<strong>Ker\u00e4\u00e4mme palautetta my\u00f6s osallistumisen esteist\u00e4, joten voit vastata kyselyyn, vaikka et olisi syyst\u00e4 tai toisesta osallistunutkaan t\u00e4m\u00e4n vuoden tapahtumaan \u2013 palautteesi on yht\u00e4 lailla t\u00e4rke\u00e4!\u00a0\u00a0<\/strong><\/p>\n\n\n\n<p>Palautetta voi antaa nimett\u00f6m\u00e4n\u00e4, ja vastaaminen vie aikaa muutaman minuutin. Vastauksia toivotaan kaikenik\u00e4isilt\u00e4 ja eri syist\u00e4 Musiikkiviikoille osallistuneilta ihmisilt\u00e4.&nbsp;&nbsp;&nbsp;<\/p>\n\n\n\n<p>Oman n\u00e4kemyksens\u00e4 tapahtumasta voit k\u00e4yd\u00e4 kertomassa\u00a0<a href=\"https:\/\/docs.google.com\/forms\/d\/e\/1FAIpQLSfDvOddRtgjSPlsZq5YYPzgK4rqyNuF4MAH5HCpfWun44zqkg\/viewform?usp=header\" data-type=\"link\" data-id=\"https:\/\/docs.google.com\/forms\/d\/e\/1FAIpQLSfDvOddRtgjSPlsZq5YYPzgK4rqyNuF4MAH5HCpfWun44zqkg\/viewform?usp=header\"><strong>t\u00e4\u00e4ll\u00e4<\/strong><\/a>. Kysely on avoinna\u00a0helmikuun\u00a0loppuun.\u00a0\u00a0\u00a0\u00a0\u00a0<\/p>\n\n\n\n<p>Vastanneiden kesken arvomme kolme vapaalippua\u00a0<em>Oulaisten Musiikkiviikot 40 vuotta<\/em>\u00a0\u2013konsertteihin\u00a0syksyll\u00e4 2026. Kyselyn vastaukset k\u00e4sitell\u00e4\u00e4n anonyymisti. Jos haluat osallistua lippuarvontaan, j\u00e4t\u00e4th\u00e4n yhteystietosi. Kiitos vastauksestasi!\u00a0\u00a0<\/p>\n\n\n\n<p><strong>Yhteisty\u00f6terveisin,\u00a0<br>Oulaisten Musiikkiviikot ty\u00f6ryhm\u00e4\u00a0\u00a0<\/strong><\/p>\n","protected":false},"excerpt":{"rendered":"<p>Kiit\u00e4mme l\u00e4mpim\u00e4sti kaikkia yhteisty\u00f6kumppaneitamme ja asiakkaitamme osallistumisesta 38. Oulaisten Musiikkiviikoille!&nbsp; Olemme avanneet Musiikkiviikkojen vuoden 2025\u00a0tapahtumia ja yleisesti Musiikkiviikkoja koskevan\u00a0k\u00e4vij\u00e4kyselyn.\u00a0 Oulaisten Musiikkiviikoille osallistui j\u00e4lleen&nbsp;noin&nbsp;3000 ihmist\u00e4&nbsp;kes\u00e4etkojen,&nbsp;syksyn 10 konsertin&nbsp;ja vierailukonserttien&nbsp;aikana.&nbsp;T\u00e4n\u00e4 vuonna&nbsp;koululaisille esiintyi kansainv\u00e4linen&nbsp;residenssivieras&nbsp;Trio Raulin-Bekkas-Biyaenda&nbsp;(FR-MAR-CG), joka&nbsp;n\u00e4htiin my\u00f6s yleis\u00f6lle avoimessa harjoituksessa.&nbsp;Mukamas-teatteri vieraili Hiirenmutkan p\u00e4iv\u00e4kodilla,&nbsp;Rimpparemmi&nbsp;esiintyi&nbsp;ik\u00e4ihmisille&nbsp;Konttilan tuvalla&nbsp;sek\u00e4&nbsp;kaikille avoimessa tilaisuudessa&nbsp;Oulaisten Olotilalla.&nbsp;Etkokonsertti&nbsp;j\u00e4rjestettiin kes\u00e4kuussa Penttil\u00e4n talolla&nbsp;\u2013 niin ik\u00e4\u00e4n kaikille avoimena ja ilmaisena tapahtumana.&nbsp;Toista kertaa k\u00e4yt\u00f6ss\u00e4 &hellip; <\/p>\n<p class=\"link-more\"><a href=\"https:\/\/koeoulainen.fi\/oulaistenmusiikkiviikot\/2026\/01\/29\/osallistu-kavijakyselyyn\/\" class=\"more-link\">Lue lis\u00e4\u00e4<span class=\"screen-reader-text\"> &#8221;Osallistu\u00a0k\u00e4vij\u00e4kyselyyn!\u00a0&#8221;<\/span><\/a><\/p>\n","protected":false},"author":3,"featured_media":0,"comment_status":"closed","ping_status":"closed","sticky":false,"template":"","format":"standard","meta":{"footnotes":""},"categories":[3,1],"tags":[97],"class_list":["post-1182","post","type-post","status-publish","format-standard","hentry","category-ajankohtaista","category-yleinen","tag-kavijakysely"],"_links":{"self":[{"href":"https:\/\/koeoulainen.fi\/oulaistenmusiikkiviikot\/wp-json\/wp\/v2\/posts\/1182","targetHints":{"allow":["GET"]}}],"collection":[{"href":"https:\/\/koeoulainen.fi\/oulaistenmusiikkiviikot\/wp-json\/wp\/v2\/posts"}],"about":[{"href":"https:\/\/koeoulainen.fi\/oulaistenmusiikkiviikot\/wp-json\/wp\/v2\/types\/post"}],"author":[{"embeddable":true,"href":"https:\/\/koeoulainen.fi\/oulaistenmusiikkiviikot\/wp-json\/wp\/v2\/users\/3"}],"replies":[{"embeddable":true,"href":"https:\/\/koeoulainen.fi\/oulaistenmusiikkiviikot\/wp-json\/wp\/v2\/comments?post=1182"}],"version-history":[{"count":1,"href":"https:\/\/koeoulainen.fi\/oulaistenmusiikkiviikot\/wp-json\/wp\/v2\/posts\/1182\/revisions"}],"predecessor-version":[{"id":1183,"href":"https:\/\/koeoulainen.fi\/oulaistenmusiikkiviikot\/wp-json\/wp\/v2\/posts\/1182\/revisions\/1183"}],"wp:attachment":[{"href":"https:\/\/koeoulainen.fi\/oulaistenmusiikkiviikot\/wp-json\/wp\/v2\/media?parent=1182"}],"wp:term":[{"taxonomy":"category","embeddable":true,"href":"https:\/\/koeoulainen.fi\/oulaistenmusiikkiviikot\/wp-json\/wp\/v2\/categories?post=1182"},{"taxonomy":"post_tag","embeddable":true,"href":"https:\/\/koeoulainen.fi\/oulaistenmusiikkiviikot\/wp-json\/wp\/v2\/tags?post=1182"}],"curies":[{"name":"wp","href":"https:\/\/api.w.org\/{rel}","templated":true}]}}