{"id":32,"date":"2021-06-17T19:20:00","date_gmt":"2021-06-17T16:20:00","guid":{"rendered":"https:\/\/koeoulainen.fi\/oulaistenmusiikkiviikot\/?p=32"},"modified":"2021-06-17T19:43:12","modified_gmt":"2021-06-17T16:43:12","slug":"tervetuloa-uudelle-sivustolle","status":"publish","type":"post","link":"https:\/\/koeoulainen.fi\/oulaistenmusiikkiviikot\/2021\/06\/17\/tervetuloa-uudelle-sivustolle\/","title":{"rendered":"Tervetuloa uudelle sivustolle!"},"content":{"rendered":"\n<figure class=\"wp-block-image size-large\"><img loading=\"lazy\" decoding=\"async\" width=\"1000\" height=\"675\" src=\"http:\/\/koeoulainen.fi\/oulaistenmusiikkiviikot\/wp-content\/uploads\/sites\/2\/2021\/05\/Vapaita_sovituksia_LottaNevanpera_web_x1000.jpg\" alt=\"\" class=\"wp-image-11\" srcset=\"https:\/\/koeoulainen.fi\/oulaistenmusiikkiviikot\/wp-content\/uploads\/sites\/2\/2021\/05\/Vapaita_sovituksia_LottaNevanpera_web_x1000.jpg 1000w, https:\/\/koeoulainen.fi\/oulaistenmusiikkiviikot\/wp-content\/uploads\/sites\/2\/2021\/05\/Vapaita_sovituksia_LottaNevanpera_web_x1000-300x203.jpg 300w, https:\/\/koeoulainen.fi\/oulaistenmusiikkiviikot\/wp-content\/uploads\/sites\/2\/2021\/05\/Vapaita_sovituksia_LottaNevanpera_web_x1000-768x518.jpg 768w\" sizes=\"auto, (max-width: 1000px) 100vw, 1000px\" \/><figcaption>Vuoden 2021 Oulaisten Musiikkiviikkojen visuaalisen ilmeen kuvitukseksi on valittu Lotta Nevanper\u00e4n teos &#8221;Vapaita sovituksia&#8221;.<\/figcaption><\/figure>\n\n\n\n<p>T\u00e4n\u00e4 vuonna jo 35. kerran j\u00e4rjestett\u00e4vien Oulaisten Musiikkiviikkojen visuaalinen ilme on kokenut muodon muutoksen. Juhlavuotta kunnioitetaan p\u00e4ivitetyll\u00e4 visuaalisella ilmeell\u00e4 ja t\u00e4ysin uusitulla nettisivustolla.<\/p>\n\n\n\n<h2 class=\"wp-block-heading\">Vanhaa ja tuttua ripauksella uutta!<\/h2>\n\n\n\n<p>Oulaisten kaupunki on solminut kolmevuotisen kumppanuussopimuksen kuvataiteilija <strong>Lotta Nevanper\u00e4n<\/strong> kanssa kuvataiteellisten teosten k\u00e4ytt\u00f6oikeudesta osana Oulaisten Musiikkiviikkojen markkinointia. Juhlavuoden juhlistamisen lis\u00e4ksi yhteisty\u00f6n tavoitteena on paitsi kohottaa Oulaisten Musiikkiviikkojen visuaalista ilmett\u00e4, my\u00f6s tuoda esiin paikallista osaamista hankkimalla kuvataiteellisen teoksen k\u00e4ytt\u00f6oikeus nimenomaan oulaistelaisl\u00e4ht\u00f6iselt\u00e4 kuvataiteilijalta.<\/p>\n\n\n\n<blockquote class=\"wp-block-quote is-style-default is-layout-flow wp-block-quote-is-layout-flow\"><p>Menneiden vuosikymmenien aikana Musiikkiviikoilla on n\u00e4hty ja kokeiltu monenlaista ilmett\u00e4. Uuteen ilmeeseen on s\u00e4\u00e4stetty jotain vanhaa ja tutuksi tullutta, mutta tuotu my\u00f6s ripaus uutta twisti\u00e4 ja toivottavasti ajan hampaissa kest\u00e4v\u00e4\u00e4 suunnittelua. Tavoitteenani on luoda pitk\u00e4t perinteet omaavalle tapahtumalle oma tunnistettava, yhten\u00e4inen ja arvoisensa tyyli, joka toivottavasti kest\u00e4\u00e4 my\u00f6s vaihtuvien trendien maailmassa.<\/p><cite>Anna Koivukangas, Oulaisten kulttuuritoimi<\/cite><\/blockquote>\n\n\n\n<p>T\u00e4\u00e4lt\u00e4 Ajankohtaista-blogista l\u00f6yd\u00e4t tapahtuman tuoreimmat tiedotteet. Uusi sivusto kehittyy ja t\u00e4ydentyy tapahtuman l\u00e4hestyess\u00e4 niin laajemmilla artistien esittelyill\u00e4 kuin lippukaupallakin, joten tulethan vierailemaan toistekin!<\/p>\n","protected":false},"excerpt":{"rendered":"<p>T\u00e4n\u00e4 vuonna jo 35. kerran j\u00e4rjestett\u00e4vien Oulaisten Musiikkiviikkojen visuaalinen ilme on kokenut muodon muutoksen. Juhlavuotta kunnioitetaan p\u00e4ivitetyll\u00e4 visuaalisella ilmeell\u00e4 ja t\u00e4ysin uusitulla nettisivustolla. Vanhaa ja tuttua ripauksella uutta! Oulaisten kaupunki on solminut kolmevuotisen kumppanuussopimuksen kuvataiteilija Lotta Nevanper\u00e4n kanssa kuvataiteellisten teosten k\u00e4ytt\u00f6oikeudesta osana Oulaisten Musiikkiviikkojen markkinointia. Juhlavuoden juhlistamisen lis\u00e4ksi yhteisty\u00f6n tavoitteena on paitsi kohottaa Oulaisten Musiikkiviikkojen &hellip; <\/p>\n<p class=\"link-more\"><a href=\"https:\/\/koeoulainen.fi\/oulaistenmusiikkiviikot\/2021\/06\/17\/tervetuloa-uudelle-sivustolle\/\" class=\"more-link\">Lue lis\u00e4\u00e4<span class=\"screen-reader-text\"> &#8221;Tervetuloa uudelle sivustolle!&#8221;<\/span><\/a><\/p>\n","protected":false},"author":5,"featured_media":0,"comment_status":"closed","ping_status":"closed","sticky":false,"template":"","format":"standard","meta":{"footnotes":""},"categories":[3],"tags":[],"class_list":["post-32","post","type-post","status-publish","format-standard","hentry","category-ajankohtaista"],"_links":{"self":[{"href":"https:\/\/koeoulainen.fi\/oulaistenmusiikkiviikot\/wp-json\/wp\/v2\/posts\/32","targetHints":{"allow":["GET"]}}],"collection":[{"href":"https:\/\/koeoulainen.fi\/oulaistenmusiikkiviikot\/wp-json\/wp\/v2\/posts"}],"about":[{"href":"https:\/\/koeoulainen.fi\/oulaistenmusiikkiviikot\/wp-json\/wp\/v2\/types\/post"}],"author":[{"embeddable":true,"href":"https:\/\/koeoulainen.fi\/oulaistenmusiikkiviikot\/wp-json\/wp\/v2\/users\/5"}],"replies":[{"embeddable":true,"href":"https:\/\/koeoulainen.fi\/oulaistenmusiikkiviikot\/wp-json\/wp\/v2\/comments?post=32"}],"version-history":[{"count":5,"href":"https:\/\/koeoulainen.fi\/oulaistenmusiikkiviikot\/wp-json\/wp\/v2\/posts\/32\/revisions"}],"predecessor-version":[{"id":313,"href":"https:\/\/koeoulainen.fi\/oulaistenmusiikkiviikot\/wp-json\/wp\/v2\/posts\/32\/revisions\/313"}],"wp:attachment":[{"href":"https:\/\/koeoulainen.fi\/oulaistenmusiikkiviikot\/wp-json\/wp\/v2\/media?parent=32"}],"wp:term":[{"taxonomy":"category","embeddable":true,"href":"https:\/\/koeoulainen.fi\/oulaistenmusiikkiviikot\/wp-json\/wp\/v2\/categories?post=32"},{"taxonomy":"post_tag","embeddable":true,"href":"https:\/\/koeoulainen.fi\/oulaistenmusiikkiviikot\/wp-json\/wp\/v2\/tags?post=32"}],"curies":[{"name":"wp","href":"https:\/\/api.w.org\/{rel}","templated":true}]}}