{"id":345,"date":"2021-06-22T11:57:16","date_gmt":"2021-06-22T08:57:16","guid":{"rendered":"https:\/\/koeoulainen.fi\/oulaistenmusiikkiviikot\/?p=345"},"modified":"2021-06-22T12:22:23","modified_gmt":"2021-06-22T09:22:23","slug":"musiikkiviikkojen-etkoilla-selloduo-varonen","status":"publish","type":"post","link":"https:\/\/koeoulainen.fi\/oulaistenmusiikkiviikot\/2021\/06\/22\/musiikkiviikkojen-etkoilla-selloduo-varonen\/","title":{"rendered":"Musiikkiviikkojen etkoilla Selloduo Varonen"},"content":{"rendered":"\n<figure class=\"wp-block-image size-large\"><img loading=\"lazy\" decoding=\"async\" width=\"946\" height=\"1024\" src=\"http:\/\/koeoulainen.fi\/oulaistenmusiikkiviikot\/wp-content\/uploads\/sites\/2\/2021\/06\/Selloduo-Varonen-946x1024.jpg\" alt=\"Selloduo Varonen\" class=\"wp-image-346\" srcset=\"https:\/\/koeoulainen.fi\/oulaistenmusiikkiviikot\/wp-content\/uploads\/sites\/2\/2021\/06\/Selloduo-Varonen-946x1024.jpg 946w, https:\/\/koeoulainen.fi\/oulaistenmusiikkiviikot\/wp-content\/uploads\/sites\/2\/2021\/06\/Selloduo-Varonen-277x300.jpg 277w, https:\/\/koeoulainen.fi\/oulaistenmusiikkiviikot\/wp-content\/uploads\/sites\/2\/2021\/06\/Selloduo-Varonen-768x831.jpg 768w, https:\/\/koeoulainen.fi\/oulaistenmusiikkiviikot\/wp-content\/uploads\/sites\/2\/2021\/06\/Selloduo-Varonen.jpg 1000w\" sizes=\"auto, (max-width: 946px) 100vw, 946px\" \/><\/figure>\n\n\n\n<h2 class=\"wp-block-heading\">T\u00e4m\u00e4nvuotisten Oulaisten Musiikkiviikkojen etko-konsertti &#8221;Kontrasteja &amp; kohtaamisia&#8221; j\u00e4rjestet\u00e4\u00e4n keskiviikkona 30.6. klo 18 Oulaisten seurakuntakodissa osana kes\u00e4n 2021 Kes\u00e4illan s\u00e4velet -konserttisarjaa<\/h2>\n\n\n\n<p>Esiintyjin\u00e4 on <strong>Selloduo Anna-Maaria ja Olli Varonen<\/strong>. Ohjelmistossa on mm. kansanmusiikkia eri puolilta Eurooppaa, wienil\u00e4isklassisia makupaloja sek\u00e4 Anna-Maaria Varosen omia sovituksia selloduolle.<\/p>\n\n\n\n<p>Varoset itse kertovat illan konsertista seuraavasti:<br>&#8221;Esiintym\u00e4ss\u00e4 on yksi maamme aktiivisimmista klassisista yhtyeist\u00e4; Selloduo Anna-Maaria &amp; Olli Varonen. Varoset ovat toimineet selloduona jo 21 vuotta ja satojen kotimaisten esitysten lis\u00e4ksi duo on konsertoinut Ruotsissa, Unkarissa, Tsekiss\u00e4, Espanjassa, Senegalissa ja Virossa. My\u00f6s radio- ja TV-esiintymisi\u00e4 duolla on ollut mm. Ruotsissa ja Unkarissa.<\/p>\n\n\n\n<p><em>Yksi el\u00e4m\u00e4n t\u00e4rkeimpi\u00e4 asioita minulle ovat kohtaamiset toisten ihmisten kanssa&#8221; <\/em>toteaa Anna-Maaria.<em> &#8221;Musiikki on mit\u00e4 luontevin kohtaamisen v\u00e4line ja olemmekin Ollin kanssa onnellisessa asemassa siksi, ett\u00e4 musiikki on suonut mahdollisuuden kohdata mit\u00e4 erilaisimmissa tilanteissa mielenkiintoisia ihmisi\u00e4 niin yksil\u00f6in\u00e4 kuin yleis\u00f6ryhmin\u00e4kin<\/em>.&#8221;<\/p>\n\n\n\n<p><em>Nyt k\u00e4sill\u00e4 olevassa konsertissa kohtaavat my\u00f6s monet muut asiat kuin paikalla olevat ihmiset. Kohtaamme musiikin siivin eri kulttuureja, aikakausia, tyylisuuntia\u2026\u201d<\/em> Olli pohdiskelee.<\/p>\n\n\n\n<p>Konsertin ohjelmisto onkin rikas ja tarjoaa varmasti mieleenpainuvia el\u00e4myksi\u00e4; unkarilainen ja suomalainen kansanmusiikki on vahvasti esill\u00e4, samoin Kataloniasta tulevat kansans\u00e4velet. Wienil\u00e4isklassikoilta kuulemme ainakin Mozartin ja Schubertin raikkaita s\u00e4veli\u00e4.&#8221;<\/p>\n\n\n\n<p>Tiedustelut:<br>Tuula Aitto-oja<br>Puh. 0444793239<\/p>\n","protected":false},"excerpt":{"rendered":"<p>T\u00e4m\u00e4nvuotisten Oulaisten Musiikkiviikkojen etko-konsertti &#8221;Kontrasteja &amp; kohtaamisia&#8221; j\u00e4rjestet\u00e4\u00e4n keskiviikkona 30.6. klo 18 Oulaisten seurakuntakodissa osana kes\u00e4n 2021 Kes\u00e4illan s\u00e4velet -konserttisarjaa Esiintyjin\u00e4 on Selloduo Anna-Maaria ja Olli Varonen. Ohjelmistossa on mm. kansanmusiikkia eri puolilta Eurooppaa, wienil\u00e4isklassisia makupaloja sek\u00e4 Anna-Maaria Varosen omia sovituksia selloduolle. Varoset itse kertovat illan konsertista seuraavasti:&#8221;Esiintym\u00e4ss\u00e4 on yksi maamme aktiivisimmista klassisista yhtyeist\u00e4; Selloduo &hellip; <\/p>\n<p class=\"link-more\"><a href=\"https:\/\/koeoulainen.fi\/oulaistenmusiikkiviikot\/2021\/06\/22\/musiikkiviikkojen-etkoilla-selloduo-varonen\/\" class=\"more-link\">Lue lis\u00e4\u00e4<span class=\"screen-reader-text\"> &#8221;Musiikkiviikkojen etkoilla Selloduo Varonen&#8221;<\/span><\/a><\/p>\n","protected":false},"author":5,"featured_media":0,"comment_status":"closed","ping_status":"closed","sticky":false,"template":"","format":"standard","meta":{"footnotes":""},"categories":[3],"tags":[],"class_list":["post-345","post","type-post","status-publish","format-standard","hentry","category-ajankohtaista"],"_links":{"self":[{"href":"https:\/\/koeoulainen.fi\/oulaistenmusiikkiviikot\/wp-json\/wp\/v2\/posts\/345","targetHints":{"allow":["GET"]}}],"collection":[{"href":"https:\/\/koeoulainen.fi\/oulaistenmusiikkiviikot\/wp-json\/wp\/v2\/posts"}],"about":[{"href":"https:\/\/koeoulainen.fi\/oulaistenmusiikkiviikot\/wp-json\/wp\/v2\/types\/post"}],"author":[{"embeddable":true,"href":"https:\/\/koeoulainen.fi\/oulaistenmusiikkiviikot\/wp-json\/wp\/v2\/users\/5"}],"replies":[{"embeddable":true,"href":"https:\/\/koeoulainen.fi\/oulaistenmusiikkiviikot\/wp-json\/wp\/v2\/comments?post=345"}],"version-history":[{"count":4,"href":"https:\/\/koeoulainen.fi\/oulaistenmusiikkiviikot\/wp-json\/wp\/v2\/posts\/345\/revisions"}],"predecessor-version":[{"id":359,"href":"https:\/\/koeoulainen.fi\/oulaistenmusiikkiviikot\/wp-json\/wp\/v2\/posts\/345\/revisions\/359"}],"wp:attachment":[{"href":"https:\/\/koeoulainen.fi\/oulaistenmusiikkiviikot\/wp-json\/wp\/v2\/media?parent=345"}],"wp:term":[{"taxonomy":"category","embeddable":true,"href":"https:\/\/koeoulainen.fi\/oulaistenmusiikkiviikot\/wp-json\/wp\/v2\/categories?post=345"},{"taxonomy":"post_tag","embeddable":true,"href":"https:\/\/koeoulainen.fi\/oulaistenmusiikkiviikot\/wp-json\/wp\/v2\/tags?post=345"}],"curies":[{"name":"wp","href":"https:\/\/api.w.org\/{rel}","templated":true}]}}