{"id":368,"date":"2021-07-01T12:24:13","date_gmt":"2021-07-01T09:24:13","guid":{"rendered":"https:\/\/koeoulainen.fi\/oulaistenmusiikkiviikot\/?p=368"},"modified":"2021-07-01T12:29:09","modified_gmt":"2021-07-01T09:29:09","slug":"musiikkiviikkojen-2021-lipunmyynti-on-alkanut","status":"publish","type":"post","link":"https:\/\/koeoulainen.fi\/oulaistenmusiikkiviikot\/2021\/07\/01\/musiikkiviikkojen-2021-lipunmyynti-on-alkanut\/","title":{"rendered":"Musiikkiviikkojen 2021 lipunmyynti on alkanut!"},"content":{"rendered":"\n<figure class=\"wp-block-image size-large\"><img loading=\"lazy\" decoding=\"async\" width=\"1024\" height=\"1024\" src=\"http:\/\/koeoulainen.fi\/oulaistenmusiikkiviikot\/wp-content\/uploads\/sites\/2\/2021\/06\/oulaisten_musiikkiviikot2021_lipunmyyntialkaa-1024x1024.png\" alt=\"Oulaisten Musiikkiviikot Lipunmyynti alkaa\" class=\"wp-image-281\" srcset=\"https:\/\/koeoulainen.fi\/oulaistenmusiikkiviikot\/wp-content\/uploads\/sites\/2\/2021\/06\/oulaisten_musiikkiviikot2021_lipunmyyntialkaa-1024x1024.png 1024w, https:\/\/koeoulainen.fi\/oulaistenmusiikkiviikot\/wp-content\/uploads\/sites\/2\/2021\/06\/oulaisten_musiikkiviikot2021_lipunmyyntialkaa-300x300.png 300w, https:\/\/koeoulainen.fi\/oulaistenmusiikkiviikot\/wp-content\/uploads\/sites\/2\/2021\/06\/oulaisten_musiikkiviikot2021_lipunmyyntialkaa-150x150.png 150w, https:\/\/koeoulainen.fi\/oulaistenmusiikkiviikot\/wp-content\/uploads\/sites\/2\/2021\/06\/oulaisten_musiikkiviikot2021_lipunmyyntialkaa-768x768.png 768w, https:\/\/koeoulainen.fi\/oulaistenmusiikkiviikot\/wp-content\/uploads\/sites\/2\/2021\/06\/oulaisten_musiikkiviikot2021_lipunmyyntialkaa-1536x1536.png 1536w, https:\/\/koeoulainen.fi\/oulaistenmusiikkiviikot\/wp-content\/uploads\/sites\/2\/2021\/06\/oulaisten_musiikkiviikot2021_lipunmyyntialkaa.png 1654w\" sizes=\"auto, (max-width: 1024px) 100vw, 1024px\" \/><\/figure>\n\n\n\n<p>Oulaisten Musiikkiviikkojen konserttien <a href=\"https:\/\/koeoulainen.fi\/oulaistenmusiikkiviikot\/liput\/\" data-type=\"URL\" data-id=\"https:\/\/koeoulainen.fi\/oulaistenmusiikkiviikot\/liput\/\">lipunmyynti<\/a> on alkanut netiss\u00e4 23.6.2021. <strong>Lippupisteen kautta voi hankkia normaalihintaisia sek\u00e4 tavanomaisia alennushintaisia lippuja<\/strong> (opiskelijat, ty\u00f6tt\u00f6m\u00e4t, el\u00e4kel\u00e4iset).<\/p>\n\n\n\n<p><strong>Fyysinen lipunmyynti aukeaa lokakuussa Oulaisissa KoronaGallerian yhteyteen.<\/strong> Samalla tulevat myyntiin my\u00f6s muut alennushintaiset etuliput (Oulaisten kaupungin, j\u00e4rjest\u00f6jen ym my\u00f6nt\u00e4m\u00e4t edut). <\/p>\n\n\n\n<p>Yleens\u00e4 lippuja riitt\u00e4\u00e4 kaikille halukkaille, mutta jos haluat ehdottomasti varmistaa paikkasi johonkin tiettyyn konserttiin, kannattaa lippu hankkia jo etuk\u00e4teen nettilipunmyynnin kautta!<\/p>\n\n\n\n<p><strong>Makuja ja musiikkia \u2013tapahtuman <\/strong>liput ovat myynniss\u00e4 vain fyysisen lipunmyynnin kautta.<\/p>\n","protected":false},"excerpt":{"rendered":"<p>Oulaisten Musiikkiviikkojen konserttien lipunmyynti on alkanut netiss\u00e4 23.6.2021. Lippupisteen kautta voi hankkia normaalihintaisia sek\u00e4 tavanomaisia alennushintaisia lippuja (opiskelijat, ty\u00f6tt\u00f6m\u00e4t, el\u00e4kel\u00e4iset). Fyysinen lipunmyynti aukeaa lokakuussa Oulaisissa KoronaGallerian yhteyteen. Samalla tulevat myyntiin my\u00f6s muut alennushintaiset etuliput (Oulaisten kaupungin, j\u00e4rjest\u00f6jen ym my\u00f6nt\u00e4m\u00e4t edut). Yleens\u00e4 lippuja riitt\u00e4\u00e4 kaikille halukkaille, mutta jos haluat ehdottomasti varmistaa paikkasi johonkin tiettyyn konserttiin, kannattaa &hellip; <\/p>\n<p class=\"link-more\"><a href=\"https:\/\/koeoulainen.fi\/oulaistenmusiikkiviikot\/2021\/07\/01\/musiikkiviikkojen-2021-lipunmyynti-on-alkanut\/\" class=\"more-link\">Lue lis\u00e4\u00e4<span class=\"screen-reader-text\"> &#8221;Musiikkiviikkojen 2021 lipunmyynti on alkanut!&#8221;<\/span><\/a><\/p>\n","protected":false},"author":5,"featured_media":0,"comment_status":"closed","ping_status":"closed","sticky":false,"template":"","format":"standard","meta":{"footnotes":""},"categories":[3],"tags":[],"class_list":["post-368","post","type-post","status-publish","format-standard","hentry","category-ajankohtaista"],"_links":{"self":[{"href":"https:\/\/koeoulainen.fi\/oulaistenmusiikkiviikot\/wp-json\/wp\/v2\/posts\/368","targetHints":{"allow":["GET"]}}],"collection":[{"href":"https:\/\/koeoulainen.fi\/oulaistenmusiikkiviikot\/wp-json\/wp\/v2\/posts"}],"about":[{"href":"https:\/\/koeoulainen.fi\/oulaistenmusiikkiviikot\/wp-json\/wp\/v2\/types\/post"}],"author":[{"embeddable":true,"href":"https:\/\/koeoulainen.fi\/oulaistenmusiikkiviikot\/wp-json\/wp\/v2\/users\/5"}],"replies":[{"embeddable":true,"href":"https:\/\/koeoulainen.fi\/oulaistenmusiikkiviikot\/wp-json\/wp\/v2\/comments?post=368"}],"version-history":[{"count":3,"href":"https:\/\/koeoulainen.fi\/oulaistenmusiikkiviikot\/wp-json\/wp\/v2\/posts\/368\/revisions"}],"predecessor-version":[{"id":371,"href":"https:\/\/koeoulainen.fi\/oulaistenmusiikkiviikot\/wp-json\/wp\/v2\/posts\/368\/revisions\/371"}],"wp:attachment":[{"href":"https:\/\/koeoulainen.fi\/oulaistenmusiikkiviikot\/wp-json\/wp\/v2\/media?parent=368"}],"wp:term":[{"taxonomy":"category","embeddable":true,"href":"https:\/\/koeoulainen.fi\/oulaistenmusiikkiviikot\/wp-json\/wp\/v2\/categories?post=368"},{"taxonomy":"post_tag","embeddable":true,"href":"https:\/\/koeoulainen.fi\/oulaistenmusiikkiviikot\/wp-json\/wp\/v2\/tags?post=368"}],"curies":[{"name":"wp","href":"https:\/\/api.w.org\/{rel}","templated":true}]}}