{"id":395,"date":"2021-10-23T13:26:43","date_gmt":"2021-10-23T10:26:43","guid":{"rendered":"https:\/\/koeoulainen.fi\/oulaistenmusiikkiviikot\/?p=395"},"modified":"2021-10-23T13:26:43","modified_gmt":"2021-10-23T10:26:43","slug":"kuvataiteilija-lotta-nevanperan-nayttely-vapaita-sovituksia-oulaisten-musiikkiviikoilla","status":"publish","type":"post","link":"https:\/\/koeoulainen.fi\/oulaistenmusiikkiviikot\/2021\/10\/23\/kuvataiteilija-lotta-nevanperan-nayttely-vapaita-sovituksia-oulaisten-musiikkiviikoilla\/","title":{"rendered":"Kuvataiteilija Lotta Nevanper\u00e4n n\u00e4yttely Vapaita sovituksia Oulaisten Musiikkiviikoilla"},"content":{"rendered":"\n<div class=\"wp-block-image\"><figure class=\"aligncenter size-large\"><img loading=\"lazy\" decoding=\"async\" width=\"724\" height=\"1024\" src=\"http:\/\/koeoulainen.fi\/oulaistenmusiikkiviikot\/wp-content\/uploads\/sites\/2\/2021\/10\/Lotta-Musiikkiviikot-juliste-A4-724x1024.png\" alt=\"\" class=\"wp-image-393\" srcset=\"https:\/\/koeoulainen.fi\/oulaistenmusiikkiviikot\/wp-content\/uploads\/sites\/2\/2021\/10\/Lotta-Musiikkiviikot-juliste-A4-724x1024.png 724w, https:\/\/koeoulainen.fi\/oulaistenmusiikkiviikot\/wp-content\/uploads\/sites\/2\/2021\/10\/Lotta-Musiikkiviikot-juliste-A4-212x300.png 212w, https:\/\/koeoulainen.fi\/oulaistenmusiikkiviikot\/wp-content\/uploads\/sites\/2\/2021\/10\/Lotta-Musiikkiviikot-juliste-A4-768x1086.png 768w, https:\/\/koeoulainen.fi\/oulaistenmusiikkiviikot\/wp-content\/uploads\/sites\/2\/2021\/10\/Lotta-Musiikkiviikot-juliste-A4-1086x1536.png 1086w, https:\/\/koeoulainen.fi\/oulaistenmusiikkiviikot\/wp-content\/uploads\/sites\/2\/2021\/10\/Lotta-Musiikkiviikot-juliste-A4.png 1414w\" sizes=\"auto, (max-width: 724px) 100vw, 724px\" \/><\/figure><\/div>\n\n\n\n<p>Osana musiikkiviikkojen t\u00e4m\u00e4n vuoden visuaalista ilmett\u00e4 on n\u00e4hty oulaistelaisl\u00e4ht\u00f6isen, t\u00e4ll\u00e4 hetkell\u00e4 Tampereella asuvan ja ty\u00f6skentelev\u00e4n kuvataiteilija <strong>Lotta Nevanper\u00e4n<\/strong> teos &#8221;Jazz&#8221; mustemaalaussarjasta Vapaita sovituksia. Lotan teoksia voit n\u00e4hd\u00e4 musiikkiviikkojen ajan my\u00f6s konserttien yhteydess\u00e4 n\u00e4yttelyss\u00e4 Merkuriussalin aulatilassa.<\/p>\n\n\n\n<p><em>\u201dYritt\u00e4j\u00e4n\u00e4 ty\u00f6skentelylleni ovat ominaista useat samanaikaiset kuvalliset projektit, jotka n\u00e4kyv\u00e4t herk\u00e4sti toisissaan. Oulaisten Musiikkiviikkojen n\u00e4yttely\u00e4 valmistellessani olen yht\u00e4aikaisesti kuvittanut Konerunoja- taiderunokirjaa, suunnitellut Tampereen keskustaan valotaideteosta sek\u00e4 sommitellut Concrete ZOO -maalaussarjaa. N\u00e4yttelyss\u00e4 musiikilliset teemat ovatkin sekoittuneet kasvi- ja el\u00e4inaiheisiin sek\u00e4 mustavalkoiset konemaiset kaupunkikuvat ovat uponneet mystisin\u00e4 varjoina v\u00e4rien sekaan. Erilaistenkin aiheiden joukosta l\u00f6ytyy aina jokin yhdist\u00e4v\u00e4 tekij\u00e4, joka solmii kuvien viivat ja merkitykset toisiinsa.&nbsp;<\/em><\/p>\n\n\n\n<p><em>Musiikkiviikkojen ilmeen taustalla k\u00e4ytetty teokseni JAZZ, sarjasta vapaita sovituksia on niin ik\u00e4\u00e4n syntynyt hetkess\u00e4, jossa ajatusten kaaos on j\u00e4rjest\u00e4ytynyt yhdeksi kokonaiseksi teokseksi kuin improvisoitu jazz! \u00c4kkiselt\u00e4\u00e4n kuultuna se on harkitsematonta ja impulsiivista, mutta silti ainutlaatuinen taidonn\u00e4yte, jossa jokaisella yksitt\u00e4isell\u00e4 nuotilla tai pensselinvedolla on paikkansa ja ne antavat jatkuvasti vihjeit\u00e4 siit\u00e4 mihin suuntaan maalauksen melodia on etenem\u00e4ss\u00e4.&#8221;<\/em><\/p>\n\n\n\n<p>Lotta&nbsp;Nevanper\u00e4 on oulaistelaisl\u00e4ht\u00f6inen, nyky\u00e4\u00e4n Tampereella asuva ja ty\u00f6skentelev\u00e4 ammattikuvataiteilija (YAMK) ja luovan alan yritt\u00e4j\u00e4.&nbsp;<\/p>\n\n\n\n<p>N\u00e4yttelyaika: 1.-21.11.2021<\/p>\n\n\n\n<p>Paikka: Merkuriussalin aulatila, JEDU Liiketalouden yksikk\u00f6, Kosteenkatu 1, Oulainen<\/p>\n\n\n\n<p>Avoinna koulun aukioloaikojen mukaan arkisin klo 9-15 sek\u00e4 Merkuriussalissa j\u00e4rjestett\u00e4vien konserttien aikaan<\/p>\n\n\n\n<p><a href=\"http:\/\/www.lottanevanpera.art\">www.lottanevanpera.art<\/a><\/p>\n\n\n\n<p>Tiedustelut:<br>Lotta Nevanper\u00e4 p. 0405211215<br><a href=\"mailto:lotta.nevanpera@gmail.com\">lotta.nevanpera@gmail.com<\/a><\/p>\n\n\n\n<p>Anna Koivukangas p. 0444793268<br><a href=\"mailto:anna.koivukangas@oulainen.fi\">anna.koivukangas@oulainen.fi<\/a><\/p>\n","protected":false},"excerpt":{"rendered":"<p>Osana musiikkiviikkojen t\u00e4m\u00e4n vuoden visuaalista ilmett\u00e4 on n\u00e4hty oulaistelaisl\u00e4ht\u00f6isen, t\u00e4ll\u00e4 hetkell\u00e4 Tampereella asuvan ja ty\u00f6skentelev\u00e4n kuvataiteilija Lotta Nevanper\u00e4n teos &#8221;Jazz&#8221; mustemaalaussarjasta Vapaita sovituksia. Lotan teoksia voit n\u00e4hd\u00e4 musiikkiviikkojen ajan my\u00f6s konserttien yhteydess\u00e4 n\u00e4yttelyss\u00e4 Merkuriussalin aulatilassa. \u201dYritt\u00e4j\u00e4n\u00e4 ty\u00f6skentelylleni ovat ominaista useat samanaikaiset kuvalliset projektit, jotka n\u00e4kyv\u00e4t herk\u00e4sti toisissaan. Oulaisten Musiikkiviikkojen n\u00e4yttely\u00e4 valmistellessani olen yht\u00e4aikaisesti kuvittanut Konerunoja- &hellip; <\/p>\n<p class=\"link-more\"><a href=\"https:\/\/koeoulainen.fi\/oulaistenmusiikkiviikot\/2021\/10\/23\/kuvataiteilija-lotta-nevanperan-nayttely-vapaita-sovituksia-oulaisten-musiikkiviikoilla\/\" class=\"more-link\">Lue lis\u00e4\u00e4<span class=\"screen-reader-text\"> &#8221;Kuvataiteilija Lotta Nevanper\u00e4n n\u00e4yttely Vapaita sovituksia Oulaisten Musiikkiviikoilla&#8221;<\/span><\/a><\/p>\n","protected":false},"author":5,"featured_media":0,"comment_status":"closed","ping_status":"closed","sticky":false,"template":"","format":"standard","meta":{"footnotes":""},"categories":[3],"tags":[],"class_list":["post-395","post","type-post","status-publish","format-standard","hentry","category-ajankohtaista"],"_links":{"self":[{"href":"https:\/\/koeoulainen.fi\/oulaistenmusiikkiviikot\/wp-json\/wp\/v2\/posts\/395","targetHints":{"allow":["GET"]}}],"collection":[{"href":"https:\/\/koeoulainen.fi\/oulaistenmusiikkiviikot\/wp-json\/wp\/v2\/posts"}],"about":[{"href":"https:\/\/koeoulainen.fi\/oulaistenmusiikkiviikot\/wp-json\/wp\/v2\/types\/post"}],"author":[{"embeddable":true,"href":"https:\/\/koeoulainen.fi\/oulaistenmusiikkiviikot\/wp-json\/wp\/v2\/users\/5"}],"replies":[{"embeddable":true,"href":"https:\/\/koeoulainen.fi\/oulaistenmusiikkiviikot\/wp-json\/wp\/v2\/comments?post=395"}],"version-history":[{"count":1,"href":"https:\/\/koeoulainen.fi\/oulaistenmusiikkiviikot\/wp-json\/wp\/v2\/posts\/395\/revisions"}],"predecessor-version":[{"id":396,"href":"https:\/\/koeoulainen.fi\/oulaistenmusiikkiviikot\/wp-json\/wp\/v2\/posts\/395\/revisions\/396"}],"wp:attachment":[{"href":"https:\/\/koeoulainen.fi\/oulaistenmusiikkiviikot\/wp-json\/wp\/v2\/media?parent=395"}],"wp:term":[{"taxonomy":"category","embeddable":true,"href":"https:\/\/koeoulainen.fi\/oulaistenmusiikkiviikot\/wp-json\/wp\/v2\/categories?post=395"},{"taxonomy":"post_tag","embeddable":true,"href":"https:\/\/koeoulainen.fi\/oulaistenmusiikkiviikot\/wp-json\/wp\/v2\/tags?post=395"}],"curies":[{"name":"wp","href":"https:\/\/api.w.org\/{rel}","templated":true}]}}