{"id":399,"date":"2021-10-27T13:27:07","date_gmt":"2021-10-27T10:27:07","guid":{"rendered":"https:\/\/koeoulainen.fi\/oulaistenmusiikkiviikot\/?p=399"},"modified":"2021-10-27T13:27:07","modified_gmt":"2021-10-27T10:27:07","slug":"musiikkiviikot-kaynnistyvat-ikivihreilla","status":"publish","type":"post","link":"https:\/\/koeoulainen.fi\/oulaistenmusiikkiviikot\/2021\/10\/27\/musiikkiviikot-kaynnistyvat-ikivihreilla\/","title":{"rendered":"Musiikkiviikot k\u00e4ynnistyv\u00e4t ikivihreill\u00e4!"},"content":{"rendered":"\n<p>Yli 50 vuotta maamme suosituimpiin iskelm\u00e4laulajiin kuulunut <strong>Markku Aro<\/strong> k\u00e4ynnist\u00e4\u00e4 yhdess\u00e4 Diesel-yhtyeens\u00e4 kanssa 35. Oulaisten Musiikkiviikot. <\/p>\n\n\n\n<p>Lokakuun viimeisen\u00e4 sunnuntai-iltana Oulaisten yl\u00e4koulun salissa esiintyv\u00e4n Markku Aron ura l\u00e4hti liikkeelle kotikaupungin Nokian iskelm\u00e4laulukilpailuista ja jo samana vuonna 1968 ilmestyi ensisingle. 32 albumia julkaissut Aro nimesi t\u00e4h\u00e4n astisista viimeisimm\u00e4n, vuonna 2018 julkaistun albumin ensisinglens\u00e4 mukaan \u201dK\u00e4yn uudelleen eiliseen\u201d. Markku Aron ura ei j\u00e4\u00e4nut 1970-luvulle, vaan menestyshittej\u00e4 on syntynyt tasaiseen tahtiin vuosien aikana. \u201dEtsin kunnes l\u00f6yd\u00e4n sun\u201d, \u201dHyv\u00e4nn\u00e4k\u00f6inen\u201d, \u201dKeskiy\u00f6n aikaan\u201d ja \u201dJestas sent\u00e4\u00e4n\u201d ovat muunmuassa hittej\u00e4, jotka ovat taanneet suosion jatkumisen. Eurovision laulukilpailujen Suomen karsinnoissa Aro on ollut mukana kuusi kertaa. Vuonna 1971 h\u00e4n edusti Suomea Dublinissa yhdess\u00e4 Koiviston sisarusten kanssa kappaleella \u201dTie uuteen p\u00e4iv\u00e4\u00e4n\u201d ja sijoitus oli mallikkaasti kahdeksas. Musiikissa on ollut monia tyylisuuntauksia Markku Aron aikana, mutta h\u00e4n on aina kulkenut omaa tiet\u00e4\u00e4n luottaen valitsemaansa linjaan. Ansioistaan musiikin parissa Markku Aro palkittiin Iskelm\u00e4-Finlandialla vuonna 2017.<\/p>\n\n\n\n<div class=\"wp-block-image\"><figure class=\"aligncenter size-large\"><img loading=\"lazy\" decoding=\"async\" width=\"724\" height=\"1024\" src=\"http:\/\/koeoulainen.fi\/oulaistenmusiikkiviikot\/wp-content\/uploads\/sites\/2\/2021\/10\/Musiikkiviikot-MarkkuAro-724x1024.png\" alt=\"\" class=\"wp-image-400\" srcset=\"https:\/\/koeoulainen.fi\/oulaistenmusiikkiviikot\/wp-content\/uploads\/sites\/2\/2021\/10\/Musiikkiviikot-MarkkuAro-724x1024.png 724w, https:\/\/koeoulainen.fi\/oulaistenmusiikkiviikot\/wp-content\/uploads\/sites\/2\/2021\/10\/Musiikkiviikot-MarkkuAro-212x300.png 212w, https:\/\/koeoulainen.fi\/oulaistenmusiikkiviikot\/wp-content\/uploads\/sites\/2\/2021\/10\/Musiikkiviikot-MarkkuAro-768x1086.png 768w, https:\/\/koeoulainen.fi\/oulaistenmusiikkiviikot\/wp-content\/uploads\/sites\/2\/2021\/10\/Musiikkiviikot-MarkkuAro-1086x1536.png 1086w, https:\/\/koeoulainen.fi\/oulaistenmusiikkiviikot\/wp-content\/uploads\/sites\/2\/2021\/10\/Musiikkiviikot-MarkkuAro.png 1414w\" sizes=\"auto, (max-width: 724px) 100vw, 724px\" \/><\/figure><\/div>\n\n\n\n<p><\/p>\n","protected":false},"excerpt":{"rendered":"<p>Yli 50 vuotta maamme suosituimpiin iskelm\u00e4laulajiin kuulunut Markku Aro k\u00e4ynnist\u00e4\u00e4 yhdess\u00e4 Diesel-yhtyeens\u00e4 kanssa 35. Oulaisten Musiikkiviikot. Lokakuun viimeisen\u00e4 sunnuntai-iltana Oulaisten yl\u00e4koulun salissa esiintyv\u00e4n Markku Aron ura l\u00e4hti liikkeelle kotikaupungin Nokian iskelm\u00e4laulukilpailuista ja jo samana vuonna 1968 ilmestyi ensisingle. 32 albumia julkaissut Aro nimesi t\u00e4h\u00e4n astisista viimeisimm\u00e4n, vuonna 2018 julkaistun albumin ensisinglens\u00e4 mukaan \u201dK\u00e4yn uudelleen eiliseen\u201d. &hellip; <\/p>\n<p class=\"link-more\"><a href=\"https:\/\/koeoulainen.fi\/oulaistenmusiikkiviikot\/2021\/10\/27\/musiikkiviikot-kaynnistyvat-ikivihreilla\/\" class=\"more-link\">Lue lis\u00e4\u00e4<span class=\"screen-reader-text\"> &#8221;Musiikkiviikot k\u00e4ynnistyv\u00e4t ikivihreill\u00e4!&#8221;<\/span><\/a><\/p>\n","protected":false},"author":3,"featured_media":0,"comment_status":"closed","ping_status":"closed","sticky":false,"template":"","format":"standard","meta":{"footnotes":""},"categories":[3],"tags":[],"class_list":["post-399","post","type-post","status-publish","format-standard","hentry","category-ajankohtaista"],"_links":{"self":[{"href":"https:\/\/koeoulainen.fi\/oulaistenmusiikkiviikot\/wp-json\/wp\/v2\/posts\/399","targetHints":{"allow":["GET"]}}],"collection":[{"href":"https:\/\/koeoulainen.fi\/oulaistenmusiikkiviikot\/wp-json\/wp\/v2\/posts"}],"about":[{"href":"https:\/\/koeoulainen.fi\/oulaistenmusiikkiviikot\/wp-json\/wp\/v2\/types\/post"}],"author":[{"embeddable":true,"href":"https:\/\/koeoulainen.fi\/oulaistenmusiikkiviikot\/wp-json\/wp\/v2\/users\/3"}],"replies":[{"embeddable":true,"href":"https:\/\/koeoulainen.fi\/oulaistenmusiikkiviikot\/wp-json\/wp\/v2\/comments?post=399"}],"version-history":[{"count":1,"href":"https:\/\/koeoulainen.fi\/oulaistenmusiikkiviikot\/wp-json\/wp\/v2\/posts\/399\/revisions"}],"predecessor-version":[{"id":401,"href":"https:\/\/koeoulainen.fi\/oulaistenmusiikkiviikot\/wp-json\/wp\/v2\/posts\/399\/revisions\/401"}],"wp:attachment":[{"href":"https:\/\/koeoulainen.fi\/oulaistenmusiikkiviikot\/wp-json\/wp\/v2\/media?parent=399"}],"wp:term":[{"taxonomy":"category","embeddable":true,"href":"https:\/\/koeoulainen.fi\/oulaistenmusiikkiviikot\/wp-json\/wp\/v2\/categories?post=399"},{"taxonomy":"post_tag","embeddable":true,"href":"https:\/\/koeoulainen.fi\/oulaistenmusiikkiviikot\/wp-json\/wp\/v2\/tags?post=399"}],"curies":[{"name":"wp","href":"https:\/\/api.w.org\/{rel}","templated":true}]}}