{"id":402,"date":"2021-10-27T13:54:17","date_gmt":"2021-10-27T10:54:17","guid":{"rendered":"https:\/\/koeoulainen.fi\/oulaistenmusiikkiviikot\/?p=402"},"modified":"2021-10-27T13:54:17","modified_gmt":"2021-10-27T10:54:17","slug":"kantaesitys-musiikkiviikkojen-kamarikonsertissa","status":"publish","type":"post","link":"https:\/\/koeoulainen.fi\/oulaistenmusiikkiviikot\/2021\/10\/27\/kantaesitys-musiikkiviikkojen-kamarikonsertissa\/","title":{"rendered":"Kantaesitys Musiikkiviikkojen kamarikonsertissa"},"content":{"rendered":"\n<p>Oulaisten 35. Musiikkiviikot jatkuvat toisella konsertilla tiistaina 2.11. Merkuriussalissa. Konsertin nimi &#8221;He k\u00e4veliv\u00e4t rinnan&#8221; on suomennos konsertissa kuultavasta Outi Tarkiaisen (s.1985) teoksesta <strong><em>Soai v\u00e1cciiga buohtalaga<\/em><\/strong>. Toinen Outi Tarkiaisen teos konsertissa on kantaesitys <strong><em>Naaras\u00e4iti<\/em><\/strong> -laulusarjan versiosta mezzosopraanolle, jousikvartetille ja pianolle. Tarkiaisen teosten tekstit ovat saamelaisten nykyrunoilijoiden Rauni Magga Lukkarin ja Rose-Marie Huuvan kokoelmista, ja tekstit k\u00e4sittelev\u00e4t klassiselle kamarikonsertille harvinaisempia aiheita kuten \u00e4idiksi tulemista, lapsen odotusta, synnytyst\u00e4, imetyst\u00e4 ja \u00e4itien ja tyt\u00e4rten sukupolvien yli jatkuvaa yhteytt\u00e4.<\/p>\n\n\n\n<p>Rovaniemel\u00e4isl\u00e4ht\u00f6inen Outi Tarkiainen on yksi t\u00e4m\u00e4n hetken kansainv\u00e4lisesti kiinnostavimmista suomalaisista s\u00e4velt\u00e4jist\u00e4 ja h\u00e4nen musiikkiaan ovat tilanneet ja esitt\u00e4neet mm. BBC Philharmonic, San Francisco Symphony Orchestra ja Radion sinfoniaorkesteri. Tarkiaisen, Lapin kamariorkesterin ja kapellimestari John Storg\u00e5rdsin levy <strong><em>Maa, kev\u00e4\u00e4n tyt\u00e4r<\/em><\/strong> (Ondine Records 2020) oli ehdolla vuoden 2021 klassisen musiikin Emma-palkinnon saajaksi.<\/p>\n\n\n\n<p>Tarkiaisen teosten lis\u00e4ksi konsertissa kuullaan my\u00f6s Jean Sibeliuksen (1865-1957) viisiosainen jousikvartetto d-molli <strong><em>Voces intimae<\/em><\/strong> op 56 vuodelta 1909. &#8221;Siit\u00e4 tuli ihana. Ihan semmoinen joka saa hymyn huulille viel\u00e4p\u00e4 kuolinhetken\u00e4. En sano muuta&#8221;, kirjoitti Sibelius vaimolleen Ainolle teoksen valmistuttua. <\/p>\n\n\n\n<p>Konsertin my\u00f6t\u00e4 Musiikkiviikot saa vieraakseen upeaa kansainv\u00e4list\u00e4 uraa tekev\u00e4t mezzosopraano Virpi R\u00e4is\u00e4sen sek\u00e4 Keski-Pohjanmaan kamariorkesterin ydinsoittajiston muodostaman Kokkola-kvartetin, jossa soittavat viulistit Reijo Tunkkari ja Reetta Kataja, alttoviulisti Hanna Pakkala sek\u00e4 sellisti Lauri Pulakka. Naaras\u00e4iti -teoksen piano-osuuden soittaa Johanna Tilus. Konsertissa on v\u00e4liaika, jolloin on mahdollista tutustua kuvataiteilija Lotta Nevanper\u00e4n teoksiin Merkuriussalin aulan n\u00e4yttelyss\u00e4.<\/p>\n\n\n\n<div class=\"wp-block-image\"><figure class=\"aligncenter size-large\"><img loading=\"lazy\" decoding=\"async\" width=\"724\" height=\"1024\" src=\"http:\/\/koeoulainen.fi\/oulaistenmusiikkiviikot\/wp-content\/uploads\/sites\/2\/2021\/10\/Musiikkiviikot-hekavelivatrinnan-1-724x1024.png\" alt=\"\" class=\"wp-image-405\" srcset=\"https:\/\/koeoulainen.fi\/oulaistenmusiikkiviikot\/wp-content\/uploads\/sites\/2\/2021\/10\/Musiikkiviikot-hekavelivatrinnan-1-724x1024.png 724w, https:\/\/koeoulainen.fi\/oulaistenmusiikkiviikot\/wp-content\/uploads\/sites\/2\/2021\/10\/Musiikkiviikot-hekavelivatrinnan-1-212x300.png 212w, https:\/\/koeoulainen.fi\/oulaistenmusiikkiviikot\/wp-content\/uploads\/sites\/2\/2021\/10\/Musiikkiviikot-hekavelivatrinnan-1-768x1086.png 768w, https:\/\/koeoulainen.fi\/oulaistenmusiikkiviikot\/wp-content\/uploads\/sites\/2\/2021\/10\/Musiikkiviikot-hekavelivatrinnan-1-1086x1536.png 1086w, https:\/\/koeoulainen.fi\/oulaistenmusiikkiviikot\/wp-content\/uploads\/sites\/2\/2021\/10\/Musiikkiviikot-hekavelivatrinnan-1.png 1414w\" sizes=\"auto, (max-width: 724px) 100vw, 724px\" \/><\/figure><\/div>\n\n\n\n<p><\/p>\n","protected":false},"excerpt":{"rendered":"<p>Oulaisten 35. Musiikkiviikot jatkuvat toisella konsertilla tiistaina 2.11. Merkuriussalissa. Konsertin nimi &#8221;He k\u00e4veliv\u00e4t rinnan&#8221; on suomennos konsertissa kuultavasta Outi Tarkiaisen (s.1985) teoksesta Soai v\u00e1cciiga buohtalaga. Toinen Outi Tarkiaisen teos konsertissa on kantaesitys Naaras\u00e4iti -laulusarjan versiosta mezzosopraanolle, jousikvartetille ja pianolle. Tarkiaisen teosten tekstit ovat saamelaisten nykyrunoilijoiden Rauni Magga Lukkarin ja Rose-Marie Huuvan kokoelmista, ja tekstit k\u00e4sittelev\u00e4t &hellip; <\/p>\n<p class=\"link-more\"><a href=\"https:\/\/koeoulainen.fi\/oulaistenmusiikkiviikot\/2021\/10\/27\/kantaesitys-musiikkiviikkojen-kamarikonsertissa\/\" class=\"more-link\">Lue lis\u00e4\u00e4<span class=\"screen-reader-text\"> &#8221;Kantaesitys Musiikkiviikkojen kamarikonsertissa&#8221;<\/span><\/a><\/p>\n","protected":false},"author":3,"featured_media":0,"comment_status":"closed","ping_status":"closed","sticky":false,"template":"","format":"standard","meta":{"footnotes":""},"categories":[3],"tags":[],"class_list":["post-402","post","type-post","status-publish","format-standard","hentry","category-ajankohtaista"],"_links":{"self":[{"href":"https:\/\/koeoulainen.fi\/oulaistenmusiikkiviikot\/wp-json\/wp\/v2\/posts\/402","targetHints":{"allow":["GET"]}}],"collection":[{"href":"https:\/\/koeoulainen.fi\/oulaistenmusiikkiviikot\/wp-json\/wp\/v2\/posts"}],"about":[{"href":"https:\/\/koeoulainen.fi\/oulaistenmusiikkiviikot\/wp-json\/wp\/v2\/types\/post"}],"author":[{"embeddable":true,"href":"https:\/\/koeoulainen.fi\/oulaistenmusiikkiviikot\/wp-json\/wp\/v2\/users\/3"}],"replies":[{"embeddable":true,"href":"https:\/\/koeoulainen.fi\/oulaistenmusiikkiviikot\/wp-json\/wp\/v2\/comments?post=402"}],"version-history":[{"count":3,"href":"https:\/\/koeoulainen.fi\/oulaistenmusiikkiviikot\/wp-json\/wp\/v2\/posts\/402\/revisions"}],"predecessor-version":[{"id":407,"href":"https:\/\/koeoulainen.fi\/oulaistenmusiikkiviikot\/wp-json\/wp\/v2\/posts\/402\/revisions\/407"}],"wp:attachment":[{"href":"https:\/\/koeoulainen.fi\/oulaistenmusiikkiviikot\/wp-json\/wp\/v2\/media?parent=402"}],"wp:term":[{"taxonomy":"category","embeddable":true,"href":"https:\/\/koeoulainen.fi\/oulaistenmusiikkiviikot\/wp-json\/wp\/v2\/categories?post=402"},{"taxonomy":"post_tag","embeddable":true,"href":"https:\/\/koeoulainen.fi\/oulaistenmusiikkiviikot\/wp-json\/wp\/v2\/tags?post=402"}],"curies":[{"name":"wp","href":"https:\/\/api.w.org\/{rel}","templated":true}]}}