{"id":412,"date":"2021-11-01T16:04:29","date_gmt":"2021-11-01T14:04:29","guid":{"rendered":"https:\/\/koeoulainen.fi\/oulaistenmusiikkiviikot\/?p=412"},"modified":"2021-11-01T16:14:03","modified_gmt":"2021-11-01T14:14:03","slug":"elena-mindru-finnection-musiikkiviikkojen-jazzkonsertissa","status":"publish","type":"post","link":"https:\/\/koeoulainen.fi\/oulaistenmusiikkiviikot\/2021\/11\/01\/elena-mindru-finnection-musiikkiviikkojen-jazzkonsertissa\/","title":{"rendered":"Elena Mindru Finnection musiikkiviikkojen jazzkonsertissa"},"content":{"rendered":"\n<p>Jazzlaulaja Elena Mindru tuo Oulaisten Musiikkiviikoille Finnection-yhtyeens\u00e4, jossa vierailevana solistina kuullaan Euroopan tunnetuimpiin jazzviulisteihin lukeutuvaa Adam Baldychia Puolasta. Yhtye soittaa upouutta eurooppalaista jazzia Elena Mindrun uudelta levylt\u00e4 \u201cHope\u201d.<\/p>\n\n\n\n<p>Elokuussa 2021 julkaistu \u201cHope\u201d on Montreux Jazz Voice -kilpailussa palkitun jazzlaulajan Elena Mindrun nelj\u00e4s albumi. Yhtyeen nimi Finnection symboloi erityist\u00e4 yhteytt\u00e4 kansainv\u00e4lisesti konsertoivan yhtyeen instrumentalistien ja laulusolistin v\u00e4lill\u00e4. Illan aikana kuultavat s\u00e4vellykset ovat suurimmilta osin Mindrun sek\u00e4 pianisti Tuomas J. Turusen k\u00e4sialaa muutamia tyylikk\u00e4\u00e4sti valittuja lainakappaleita unohtamatta.<\/p>\n\n\n\n<p><em>\u201cHope\u201d -levyll\u00e4 on ajankohtainen teema, jossa k\u00e4sitell\u00e4\u00e4n ihmiskunnan tulevaisuuden n\u00e4kymi\u00e4 muuttuvassa ekologisessa ymp\u00e4rist\u00f6ss\u00e4 sek\u00e4 globalisaation mukanaan tuomia haasteita. Kappaleiden tekstit maalaavat unenomaisia n\u00e4kyj\u00e4 tulevaisuudesta. N\u00e4k\u00f6piiriss\u00e4 on uhkia, mutta my\u00f6s ihmiset yhdist\u00e4v\u00e4\u00e4 elinymp\u00e4rist\u00f6mme arvostusta ja vaalimista. Kokonaisuutta leimaa positiivinen l\u00e4hestymistapa maailmaa ravistelevaan ekokriisiin: ongelmat ovat ratkaistavissa, jos toimiin ryhdyt\u00e4\u00e4n heti riitt\u00e4vill\u00e4 resursseilla. Lapset edustavat levyn musiikissa parempaa tulevaisuutta sek\u00e4 heit\u00e4, joita nykypolvien on ajateltava ratkaisuja tehdess\u00e4\u00e4n. Kokonaisuus vetoaa j\u00e4rjen lis\u00e4ksi tunteisiin. Kaksi laulua kertoo rakastavin s\u00e4vyin esityksen solistien omista lapsista. N\u00e4iss\u00e4 s\u00e4veliss\u00e4 henkil\u00f6kohtainen kokemus kohtaa globaalit haasteet. Albumin sanoma korostaa toivon merkityst\u00e4 kriisien ja erilaisten uhkakuvien aikakautena, ja valaa uskoa parempaan tulevaisuuteen koko ihmiskunnalle.<\/em><\/p>\n\n\n\n<p>Kansainv\u00e4lisen tason jazzlaulaja Elena Mindru on el\u00e4v\u00f6itt\u00e4nyt suomalaista musiikkiel\u00e4m\u00e4\u00e4 jo l\u00e4hes vuosikymmenen ajan karismaattisella esiintymisell\u00e4\u00e4n. H\u00e4n saavutti toisen sijan ja yleis\u00f6palkinnon Shure Voice Competitionissa Sveitsin Montreuxissa vuonna 2012, ja sai tavata legendaarisen tuottajan Quincy Jonesin. Sen j\u00e4lkeen ura onkin ollut nousujohteinen. Elena on luonut Suomesta k\u00e4sin kansainv\u00e4lisen uran, joka on vienyt h\u00e4nt\u00e4 esiintym\u00e4\u00e4n ymp\u00e4ri maailmaa muun muassa sinfoniaorkestereiden ja big bandien solistina.<\/p>\n\n\n\n<p>Konsertti j\u00e4rjestet\u00e4\u00e4n osana Suomen Jazzliiton yhteistuotantokiertuetta Merkuriussalissa torstaina 4.11.2021 klo 19.<\/p>\n\n\n\n<p>Kokoonpano:<\/p>\n\n\n\n<p><strong>Elena Mindru<\/strong>, laulu, s\u00e4vellykset ja sanoitukset<\/p>\n\n\n\n<p><strong>Adam Baldych<\/strong>, viulu ja renessanssiviulu<\/p>\n\n\n\n<p><strong>Tuomas J. Turunen<\/strong>, piano ja s\u00e4vellykset<\/p>\n\n\n\n<p><strong>Oskari Siirtola<\/strong>, basso<\/p>\n\n\n\n<p><strong>Anssi Tirkkonen<\/strong>, rummut<\/p>\n\n\n\n<p><a href=\"https:\/\/elenamindru.com\/fi\/\">Elena Mindrun kotisivut<\/a><\/p>\n\n\n\n<div class=\"wp-block-image\"><figure class=\"aligncenter size-large\"><img loading=\"lazy\" decoding=\"async\" width=\"724\" height=\"1024\" src=\"http:\/\/koeoulainen.fi\/oulaistenmusiikkiviikot\/wp-content\/uploads\/sites\/2\/2021\/11\/Musiikkiviikot-Mindru-724x1024.jpg\" alt=\"Musiikkiviikot-Elena-Mindru\" class=\"wp-image-413\" srcset=\"https:\/\/koeoulainen.fi\/oulaistenmusiikkiviikot\/wp-content\/uploads\/sites\/2\/2021\/11\/Musiikkiviikot-Mindru-724x1024.jpg 724w, https:\/\/koeoulainen.fi\/oulaistenmusiikkiviikot\/wp-content\/uploads\/sites\/2\/2021\/11\/Musiikkiviikot-Mindru-212x300.jpg 212w, https:\/\/koeoulainen.fi\/oulaistenmusiikkiviikot\/wp-content\/uploads\/sites\/2\/2021\/11\/Musiikkiviikot-Mindru-768x1086.jpg 768w, https:\/\/koeoulainen.fi\/oulaistenmusiikkiviikot\/wp-content\/uploads\/sites\/2\/2021\/11\/Musiikkiviikot-Mindru-1086x1536.jpg 1086w, https:\/\/koeoulainen.fi\/oulaistenmusiikkiviikot\/wp-content\/uploads\/sites\/2\/2021\/11\/Musiikkiviikot-Mindru.jpg 1414w\" sizes=\"auto, (max-width: 724px) 100vw, 724px\" \/><\/figure><\/div>\n","protected":false},"excerpt":{"rendered":"<p>Jazzlaulaja Elena Mindru tuo Oulaisten Musiikkiviikoille Finnection-yhtyeens\u00e4, jossa vierailevana solistina kuullaan Euroopan tunnetuimpiin jazzviulisteihin lukeutuvaa Adam Baldychia Puolasta. Yhtye soittaa upouutta eurooppalaista jazzia Elena Mindrun uudelta levylt\u00e4 \u201cHope\u201d. Elokuussa 2021 julkaistu \u201cHope\u201d on Montreux Jazz Voice -kilpailussa palkitun jazzlaulajan Elena Mindrun nelj\u00e4s albumi. Yhtyeen nimi Finnection symboloi erityist\u00e4 yhteytt\u00e4 kansainv\u00e4lisesti konsertoivan yhtyeen instrumentalistien ja laulusolistin &hellip; <\/p>\n<p class=\"link-more\"><a href=\"https:\/\/koeoulainen.fi\/oulaistenmusiikkiviikot\/2021\/11\/01\/elena-mindru-finnection-musiikkiviikkojen-jazzkonsertissa\/\" class=\"more-link\">Lue lis\u00e4\u00e4<span class=\"screen-reader-text\"> &#8221;Elena Mindru Finnection musiikkiviikkojen jazzkonsertissa&#8221;<\/span><\/a><\/p>\n","protected":false},"author":3,"featured_media":0,"comment_status":"closed","ping_status":"closed","sticky":false,"template":"","format":"standard","meta":{"footnotes":""},"categories":[3],"tags":[6,5],"class_list":["post-412","post","type-post","status-publish","format-standard","hentry","category-ajankohtaista","tag-elenamindru","tag-oulaistenmusiikkiviikot"],"_links":{"self":[{"href":"https:\/\/koeoulainen.fi\/oulaistenmusiikkiviikot\/wp-json\/wp\/v2\/posts\/412","targetHints":{"allow":["GET"]}}],"collection":[{"href":"https:\/\/koeoulainen.fi\/oulaistenmusiikkiviikot\/wp-json\/wp\/v2\/posts"}],"about":[{"href":"https:\/\/koeoulainen.fi\/oulaistenmusiikkiviikot\/wp-json\/wp\/v2\/types\/post"}],"author":[{"embeddable":true,"href":"https:\/\/koeoulainen.fi\/oulaistenmusiikkiviikot\/wp-json\/wp\/v2\/users\/3"}],"replies":[{"embeddable":true,"href":"https:\/\/koeoulainen.fi\/oulaistenmusiikkiviikot\/wp-json\/wp\/v2\/comments?post=412"}],"version-history":[{"count":2,"href":"https:\/\/koeoulainen.fi\/oulaistenmusiikkiviikot\/wp-json\/wp\/v2\/posts\/412\/revisions"}],"predecessor-version":[{"id":415,"href":"https:\/\/koeoulainen.fi\/oulaistenmusiikkiviikot\/wp-json\/wp\/v2\/posts\/412\/revisions\/415"}],"wp:attachment":[{"href":"https:\/\/koeoulainen.fi\/oulaistenmusiikkiviikot\/wp-json\/wp\/v2\/media?parent=412"}],"wp:term":[{"taxonomy":"category","embeddable":true,"href":"https:\/\/koeoulainen.fi\/oulaistenmusiikkiviikot\/wp-json\/wp\/v2\/categories?post=412"},{"taxonomy":"post_tag","embeddable":true,"href":"https:\/\/koeoulainen.fi\/oulaistenmusiikkiviikot\/wp-json\/wp\/v2\/tags?post=412"}],"curies":[{"name":"wp","href":"https:\/\/api.w.org\/{rel}","templated":true}]}}