{"id":416,"date":"2021-11-01T16:25:20","date_gmt":"2021-11-01T14:25:20","guid":{"rendered":"https:\/\/koeoulainen.fi\/oulaistenmusiikkiviikot\/?p=416"},"modified":"2021-11-01T16:25:20","modified_gmt":"2021-11-01T14:25:20","slug":"stabat-mater-kirkosta-merkuriussaliin","status":"publish","type":"post","link":"https:\/\/koeoulainen.fi\/oulaistenmusiikkiviikot\/2021\/11\/01\/stabat-mater-kirkosta-merkuriussaliin\/","title":{"rendered":"Stabat Mater kirkosta Merkuriussaliin"},"content":{"rendered":"\n<p><\/p>\n\n\n\n<p>Pyh\u00e4inp\u00e4iv\u00e4viikonloppuna kuullaan Oulaisten Musiikkiviikoilla yksi barokkikauden tunnetuimpia teoksia, Giovanni Battista Pergolesin Stabat Mater. Konsertti on siirretty kirkosta Merkuriussaliin, jossa esiintyjien on helpompi toteuttaa koronaan liittyvi\u00e4 varotoimenpiteit\u00e4. Stabat Mater on lyhenne sanoista Stabat mater dolorosa eli seisoi \u00e4iti tuskissaan. Teos kertoo Jeesuksen \u00e4idin k\u00e4rsimyksest\u00e4 poikansa ristin \u00e4\u00e4rell\u00e4. Isoja kirkkomusiikkiteoksia ovat oratoriot, passiot, messut ja requiemit. Niiden joukkoon kuuluvat my\u00f6s Neitsyt Mariaan keskittyv\u00e4t Stabat Mater-teokset. Pergolesi kuoli vain 26-vuotiaana ja h\u00e4n viimeisteli t\u00e4m\u00e4n teoksensa kuolinvuoteellaan.<\/p>\n\n\n\n<p>Tunteikkaan teoksen solisteina laulavat niin kansallisissa kuin kansainv\u00e4lisiss\u00e4 kilpailuissa menestynyt, eri puolilla maailmaa konsertoinut ja mm. 30 oopperan p\u00e4\u00e4rooleissa esiintynyt musiikin tohtori Margareta Haverinen sek\u00e4 monipuolinen laulajatar, musikaalienkin p\u00e4\u00e4rooleissa esiintynyt, mm. Sibelius-Akatemiassa opettava musiikin maisteri P\u00e4ivi Kantola. Kuoro-osuudet laulaa Naiskuoro V\u00e4lke. V\u00e4lke konsertoi nyt ensimm\u00e4ist\u00e4 kertaa koronapandemian alettua. S\u00e4estyksest\u00e4 huolehtivat oululainen urkutaiteilija Elias Niemel\u00e4 ja viulupedagogi Sinikka Ala-Leppilammen valmentama Oulunsalo Ensemble, joka esiintyy jousikvartettikokoonpanossa. Sinikka Ala-Leppilammen lis\u00e4ksi kvartetissa soittavat Silja Lassila, Weronika Skowronska ja Oskari Elomaa. Konsertin ohjelmistoa t\u00e4ydent\u00e4v\u00e4t Elias Niemel\u00e4n ja V\u00e4lkkeen omat osuudet. Sunnuntaina klo 14 alkavan konsertin johtaa musiikkineuvos Tapani Tiril\u00e4.<\/p>\n\n\n\n<div class=\"wp-block-image\"><figure class=\"aligncenter size-large\"><img loading=\"lazy\" decoding=\"async\" width=\"724\" height=\"1024\" src=\"http:\/\/koeoulainen.fi\/oulaistenmusiikkiviikot\/wp-content\/uploads\/sites\/2\/2021\/11\/Musiikkiviikot-StabatMater-724x1024.jpg\" alt=\"Stabat Mater\" class=\"wp-image-417\" srcset=\"https:\/\/koeoulainen.fi\/oulaistenmusiikkiviikot\/wp-content\/uploads\/sites\/2\/2021\/11\/Musiikkiviikot-StabatMater-724x1024.jpg 724w, https:\/\/koeoulainen.fi\/oulaistenmusiikkiviikot\/wp-content\/uploads\/sites\/2\/2021\/11\/Musiikkiviikot-StabatMater-212x300.jpg 212w, https:\/\/koeoulainen.fi\/oulaistenmusiikkiviikot\/wp-content\/uploads\/sites\/2\/2021\/11\/Musiikkiviikot-StabatMater-768x1086.jpg 768w, https:\/\/koeoulainen.fi\/oulaistenmusiikkiviikot\/wp-content\/uploads\/sites\/2\/2021\/11\/Musiikkiviikot-StabatMater-1086x1536.jpg 1086w, https:\/\/koeoulainen.fi\/oulaistenmusiikkiviikot\/wp-content\/uploads\/sites\/2\/2021\/11\/Musiikkiviikot-StabatMater.jpg 1414w\" sizes=\"auto, (max-width: 724px) 100vw, 724px\" \/><\/figure><\/div>\n","protected":false},"excerpt":{"rendered":"<p>Pyh\u00e4inp\u00e4iv\u00e4viikonloppuna kuullaan Oulaisten Musiikkiviikoilla yksi barokkikauden tunnetuimpia teoksia, Giovanni Battista Pergolesin Stabat Mater. Konsertti on siirretty kirkosta Merkuriussaliin, jossa esiintyjien on helpompi toteuttaa koronaan liittyvi\u00e4 varotoimenpiteit\u00e4. Stabat Mater on lyhenne sanoista Stabat mater dolorosa eli seisoi \u00e4iti tuskissaan. Teos kertoo Jeesuksen \u00e4idin k\u00e4rsimyksest\u00e4 poikansa ristin \u00e4\u00e4rell\u00e4. Isoja kirkkomusiikkiteoksia ovat oratoriot, passiot, messut ja requiemit. Niiden &hellip; <\/p>\n<p class=\"link-more\"><a href=\"https:\/\/koeoulainen.fi\/oulaistenmusiikkiviikot\/2021\/11\/01\/stabat-mater-kirkosta-merkuriussaliin\/\" class=\"more-link\">Lue lis\u00e4\u00e4<span class=\"screen-reader-text\"> &#8221;Stabat Mater kirkosta Merkuriussaliin&#8221;<\/span><\/a><\/p>\n","protected":false},"author":3,"featured_media":0,"comment_status":"closed","ping_status":"closed","sticky":false,"template":"","format":"standard","meta":{"footnotes":""},"categories":[3],"tags":[],"class_list":["post-416","post","type-post","status-publish","format-standard","hentry","category-ajankohtaista"],"_links":{"self":[{"href":"https:\/\/koeoulainen.fi\/oulaistenmusiikkiviikot\/wp-json\/wp\/v2\/posts\/416","targetHints":{"allow":["GET"]}}],"collection":[{"href":"https:\/\/koeoulainen.fi\/oulaistenmusiikkiviikot\/wp-json\/wp\/v2\/posts"}],"about":[{"href":"https:\/\/koeoulainen.fi\/oulaistenmusiikkiviikot\/wp-json\/wp\/v2\/types\/post"}],"author":[{"embeddable":true,"href":"https:\/\/koeoulainen.fi\/oulaistenmusiikkiviikot\/wp-json\/wp\/v2\/users\/3"}],"replies":[{"embeddable":true,"href":"https:\/\/koeoulainen.fi\/oulaistenmusiikkiviikot\/wp-json\/wp\/v2\/comments?post=416"}],"version-history":[{"count":1,"href":"https:\/\/koeoulainen.fi\/oulaistenmusiikkiviikot\/wp-json\/wp\/v2\/posts\/416\/revisions"}],"predecessor-version":[{"id":418,"href":"https:\/\/koeoulainen.fi\/oulaistenmusiikkiviikot\/wp-json\/wp\/v2\/posts\/416\/revisions\/418"}],"wp:attachment":[{"href":"https:\/\/koeoulainen.fi\/oulaistenmusiikkiviikot\/wp-json\/wp\/v2\/media?parent=416"}],"wp:term":[{"taxonomy":"category","embeddable":true,"href":"https:\/\/koeoulainen.fi\/oulaistenmusiikkiviikot\/wp-json\/wp\/v2\/categories?post=416"},{"taxonomy":"post_tag","embeddable":true,"href":"https:\/\/koeoulainen.fi\/oulaistenmusiikkiviikot\/wp-json\/wp\/v2\/tags?post=416"}],"curies":[{"name":"wp","href":"https:\/\/api.w.org\/{rel}","templated":true}]}}