{"id":420,"date":"2021-11-10T12:15:29","date_gmt":"2021-11-10T10:15:29","guid":{"rendered":"https:\/\/koeoulainen.fi\/oulaistenmusiikkiviikot\/?p=420"},"modified":"2021-11-10T12:15:29","modified_gmt":"2021-11-10T10:15:29","slug":"mokoma-edustaa-musiikkiviikkojen-raskaampaa-sarjaa","status":"publish","type":"post","link":"https:\/\/koeoulainen.fi\/oulaistenmusiikkiviikot\/2021\/11\/10\/mokoma-edustaa-musiikkiviikkojen-raskaampaa-sarjaa\/","title":{"rendered":"Mokoma edustaa musiikkiviikkojen raskaampaa sarjaa"},"content":{"rendered":"\n<p>Lappeenrannasta alun perin l\u00e4ht\u00f6isin oleva Mokoma on musiikkiviikkojen viidennen konsertin esiintyj\u00e4. Maan eturivin metallib\u00e4ndeihin kuuluva yhtye nousee yl\u00e4koulun lavalle keskiviikkoiltana. Ensimm\u00e4iset albuminsa Mokoma julkaisi jo 22 vuotta sitten ja yhdestoista studioalbumi Ihmissokkelo julkaistiin helmikuussa 2020 juuri ennen pandemian alkua. Levynjulkaisukiertue keskeytyi nelj\u00e4n keikan j\u00e4lkeen ja kuluneiden l\u00e4hes kahden vuoden aikana yhtye on p\u00e4\u00e4ssyt soittamaan vain muutaman keikan. Kuluvan syksyn kiertue onkin saanut nimekseen Varmat p\u00e4iv\u00e4t. Mokoman trash-metalliin nojaava materiaali on saavuttanut suuren yleis\u00f6n ja yhtye kuuluu rock- ja metalllifestivaalien p\u00e4\u00e4lavojen vakionimiin.<\/p>\n\n\n\n<p>Mokoman perustaja, laulaja ja p\u00e4\u00e4asiallinen lauluntekij\u00e4 on <strong>Marko Annala<\/strong>, joka tunnetaan muun muassa erikoisesta laulutyylist\u00e4\u00e4n. Viime vuosina Annala on profiloitunut my\u00f6s kirjailijana. Annalan lis\u00e4ksi b\u00e4ndiss\u00e4 soittavat<strong> Tuomo Saikkonen<\/strong>,<strong> Santtu H\u00e4m\u00e4l\u00e4inen<\/strong>,<strong> Janne Hyrk\u00e4s <\/strong>ja<strong> Kuisma Aalto<\/strong>.<\/p>\n\n\n\n<div class=\"wp-block-image\"><figure class=\"aligncenter size-large\"><img loading=\"lazy\" decoding=\"async\" width=\"724\" height=\"1024\" src=\"http:\/\/koeoulainen.fi\/oulaistenmusiikkiviikot\/wp-content\/uploads\/sites\/2\/2021\/11\/Musiikkiviikot-Mokoma-724x1024.png\" alt=\"Mokoma\" class=\"wp-image-421\" srcset=\"https:\/\/koeoulainen.fi\/oulaistenmusiikkiviikot\/wp-content\/uploads\/sites\/2\/2021\/11\/Musiikkiviikot-Mokoma-724x1024.png 724w, https:\/\/koeoulainen.fi\/oulaistenmusiikkiviikot\/wp-content\/uploads\/sites\/2\/2021\/11\/Musiikkiviikot-Mokoma-212x300.png 212w, https:\/\/koeoulainen.fi\/oulaistenmusiikkiviikot\/wp-content\/uploads\/sites\/2\/2021\/11\/Musiikkiviikot-Mokoma-768x1086.png 768w, https:\/\/koeoulainen.fi\/oulaistenmusiikkiviikot\/wp-content\/uploads\/sites\/2\/2021\/11\/Musiikkiviikot-Mokoma-1086x1536.png 1086w, https:\/\/koeoulainen.fi\/oulaistenmusiikkiviikot\/wp-content\/uploads\/sites\/2\/2021\/11\/Musiikkiviikot-Mokoma.png 1414w\" sizes=\"auto, (max-width: 724px) 100vw, 724px\" \/><\/figure><\/div>\n","protected":false},"excerpt":{"rendered":"<p>Lappeenrannasta alun perin l\u00e4ht\u00f6isin oleva Mokoma on musiikkiviikkojen viidennen konsertin esiintyj\u00e4. Maan eturivin metallib\u00e4ndeihin kuuluva yhtye nousee yl\u00e4koulun lavalle keskiviikkoiltana. Ensimm\u00e4iset albuminsa Mokoma julkaisi jo 22 vuotta sitten ja yhdestoista studioalbumi Ihmissokkelo julkaistiin helmikuussa 2020 juuri ennen pandemian alkua. Levynjulkaisukiertue keskeytyi nelj\u00e4n keikan j\u00e4lkeen ja kuluneiden l\u00e4hes kahden vuoden aikana yhtye on p\u00e4\u00e4ssyt soittamaan vain &hellip; <\/p>\n<p class=\"link-more\"><a href=\"https:\/\/koeoulainen.fi\/oulaistenmusiikkiviikot\/2021\/11\/10\/mokoma-edustaa-musiikkiviikkojen-raskaampaa-sarjaa\/\" class=\"more-link\">Lue lis\u00e4\u00e4<span class=\"screen-reader-text\"> &#8221;Mokoma edustaa musiikkiviikkojen raskaampaa sarjaa&#8221;<\/span><\/a><\/p>\n","protected":false},"author":3,"featured_media":0,"comment_status":"closed","ping_status":"closed","sticky":false,"template":"","format":"standard","meta":{"footnotes":""},"categories":[3],"tags":[],"class_list":["post-420","post","type-post","status-publish","format-standard","hentry","category-ajankohtaista"],"_links":{"self":[{"href":"https:\/\/koeoulainen.fi\/oulaistenmusiikkiviikot\/wp-json\/wp\/v2\/posts\/420","targetHints":{"allow":["GET"]}}],"collection":[{"href":"https:\/\/koeoulainen.fi\/oulaistenmusiikkiviikot\/wp-json\/wp\/v2\/posts"}],"about":[{"href":"https:\/\/koeoulainen.fi\/oulaistenmusiikkiviikot\/wp-json\/wp\/v2\/types\/post"}],"author":[{"embeddable":true,"href":"https:\/\/koeoulainen.fi\/oulaistenmusiikkiviikot\/wp-json\/wp\/v2\/users\/3"}],"replies":[{"embeddable":true,"href":"https:\/\/koeoulainen.fi\/oulaistenmusiikkiviikot\/wp-json\/wp\/v2\/comments?post=420"}],"version-history":[{"count":1,"href":"https:\/\/koeoulainen.fi\/oulaistenmusiikkiviikot\/wp-json\/wp\/v2\/posts\/420\/revisions"}],"predecessor-version":[{"id":422,"href":"https:\/\/koeoulainen.fi\/oulaistenmusiikkiviikot\/wp-json\/wp\/v2\/posts\/420\/revisions\/422"}],"wp:attachment":[{"href":"https:\/\/koeoulainen.fi\/oulaistenmusiikkiviikot\/wp-json\/wp\/v2\/media?parent=420"}],"wp:term":[{"taxonomy":"category","embeddable":true,"href":"https:\/\/koeoulainen.fi\/oulaistenmusiikkiviikot\/wp-json\/wp\/v2\/categories?post=420"},{"taxonomy":"post_tag","embeddable":true,"href":"https:\/\/koeoulainen.fi\/oulaistenmusiikkiviikot\/wp-json\/wp\/v2\/tags?post=420"}],"curies":[{"name":"wp","href":"https:\/\/api.w.org\/{rel}","templated":true}]}}