{"id":423,"date":"2021-11-10T12:27:28","date_gmt":"2021-11-10T10:27:28","guid":{"rendered":"https:\/\/koeoulainen.fi\/oulaistenmusiikkiviikot\/?p=423"},"modified":"2021-11-10T12:27:28","modified_gmt":"2021-11-10T10:27:28","slug":"samuli-putro-yhtyeineen-merkuriussalissa","status":"publish","type":"post","link":"https:\/\/koeoulainen.fi\/oulaistenmusiikkiviikot\/2021\/11\/10\/samuli-putro-yhtyeineen-merkuriussalissa\/","title":{"rendered":"Samuli Putro yhtyeineen Merkuriussalissa"},"content":{"rendered":"\n<p>Musiikkiviikkojen puoliv\u00e4lin l\u00e4hestyess\u00e4 Merkuriussalin lavalle nousee <strong>Samuli Putro<\/strong> yhtyeineen. Alun perin raahelainen Putro oli yksi kolmesta Zen Caf\u00e9n j\u00e4senest\u00e4. H\u00e4n toimi b\u00e4ndin laulajana, kitaristina sek\u00e4 lauluntekij\u00e4n\u00e4. Zen Caf\u00e9n j\u00e4\u00e4ty\u00e4 yh\u00e4 jatkuvalle tauolle vuonna 2007, Putro on keskittynyt soolouraansa, joka edelleen jatkuu vahvana. Ensimm\u00e4isen soololevyns\u00e4 Putro julkaisi jo viisi vuotta ennen b\u00e4ndin tauolle j\u00e4\u00e4mist\u00e4 vuonna 2004. T\u00e4ll\u00e4 albumilla kuultiin musiikkia elokuvasta Lapsia ja Aikuisia. Muutamaa vuotta my\u00f6hemmin Putron sooloura p\u00e4\u00e4si kunnolla vauhtiin, ja vuonna 2009 julkaistiin Putron ensimm\u00e4inen varsinainen sooloalbumi, El\u00e4m\u00e4 on juhla.<\/p>\n\n\n\n<p>Tuorein albumi on helmikuussa 2021 julkaistu Keskell\u00e4 kes\u00e4\u00e4, joka on Samuli Putron soolouran seitsem\u00e4s. Albumin on tuottanut Riku Mattila, ja Putron parina kappaleita on sanoittanut Ronja Salmi. Singlein\u00e4 levylt\u00e4 julkaistiin \u201dKes\u00e4n tyynet hetket\u201d elokuussa ja \u201dSyd\u00e4n hakkaa ahneesti\u201d marraskuussa 2020. Kappaleesta \u201dTytt\u00e4reni\u201d julkaistiin Aki Roukalan ohjaama musiikkivideo. \u201dTee minusta ihminen\u201d oli puolestaan mukana Mika Ronkaisen ohjaaman Kaikki synnit -televisiosarjan toisella tuotantokaudella, joka julkaistiin lokakuussa 2020. Albumi nousi Suomen virallisen albumilistan 4. sijalle.<\/p>\n\n\n\n<p>Suomenkielisen rockmusiikin keskeisiin nimiin kuuluva Samuli Putro tunnetaan vaatimattomuudestaan sek\u00e4 ihmisl\u00e4heisest\u00e4 l\u00e4ht\u00f6kohdastaan musiikissaan. Mies tuottaa musiikkia tavallisista ihmisist\u00e4 tavallisille ihmisille.<\/p>\n\n\n\n<p>Samuli Putron konsertti on ollut ennakkoon musiikkiviikkojen myydyimpi\u00e4. N\u00e4ht\u00e4v\u00e4ksi j\u00e4\u00e4 esiintyyk\u00f6 Putro torstai-illassa t\u00e4ydelle salille.<\/p>\n\n\n\n<div class=\"wp-block-image\"><figure class=\"aligncenter size-large\"><img loading=\"lazy\" decoding=\"async\" width=\"724\" height=\"1024\" src=\"http:\/\/koeoulainen.fi\/oulaistenmusiikkiviikot\/wp-content\/uploads\/sites\/2\/2021\/11\/Musiikkiviikot-Putro-724x1024.jpg\" alt=\"Samuli Putro\" class=\"wp-image-424\" srcset=\"https:\/\/koeoulainen.fi\/oulaistenmusiikkiviikot\/wp-content\/uploads\/sites\/2\/2021\/11\/Musiikkiviikot-Putro-724x1024.jpg 724w, https:\/\/koeoulainen.fi\/oulaistenmusiikkiviikot\/wp-content\/uploads\/sites\/2\/2021\/11\/Musiikkiviikot-Putro-212x300.jpg 212w, https:\/\/koeoulainen.fi\/oulaistenmusiikkiviikot\/wp-content\/uploads\/sites\/2\/2021\/11\/Musiikkiviikot-Putro-768x1086.jpg 768w, https:\/\/koeoulainen.fi\/oulaistenmusiikkiviikot\/wp-content\/uploads\/sites\/2\/2021\/11\/Musiikkiviikot-Putro-1086x1536.jpg 1086w, https:\/\/koeoulainen.fi\/oulaistenmusiikkiviikot\/wp-content\/uploads\/sites\/2\/2021\/11\/Musiikkiviikot-Putro.jpg 1414w\" sizes=\"auto, (max-width: 724px) 100vw, 724px\" \/><\/figure><\/div>\n","protected":false},"excerpt":{"rendered":"<p>Musiikkiviikkojen puoliv\u00e4lin l\u00e4hestyess\u00e4 Merkuriussalin lavalle nousee Samuli Putro yhtyeineen. Alun perin raahelainen Putro oli yksi kolmesta Zen Caf\u00e9n j\u00e4senest\u00e4. H\u00e4n toimi b\u00e4ndin laulajana, kitaristina sek\u00e4 lauluntekij\u00e4n\u00e4. Zen Caf\u00e9n j\u00e4\u00e4ty\u00e4 yh\u00e4 jatkuvalle tauolle vuonna 2007, Putro on keskittynyt soolouraansa, joka edelleen jatkuu vahvana. Ensimm\u00e4isen soololevyns\u00e4 Putro julkaisi jo viisi vuotta ennen b\u00e4ndin tauolle j\u00e4\u00e4mist\u00e4 vuonna 2004. &hellip; <\/p>\n<p class=\"link-more\"><a href=\"https:\/\/koeoulainen.fi\/oulaistenmusiikkiviikot\/2021\/11\/10\/samuli-putro-yhtyeineen-merkuriussalissa\/\" class=\"more-link\">Lue lis\u00e4\u00e4<span class=\"screen-reader-text\"> &#8221;Samuli Putro yhtyeineen Merkuriussalissa&#8221;<\/span><\/a><\/p>\n","protected":false},"author":3,"featured_media":0,"comment_status":"closed","ping_status":"closed","sticky":false,"template":"","format":"standard","meta":{"footnotes":""},"categories":[3],"tags":[5,7],"class_list":["post-423","post","type-post","status-publish","format-standard","hentry","category-ajankohtaista","tag-oulaistenmusiikkiviikot","tag-samuliputro"],"_links":{"self":[{"href":"https:\/\/koeoulainen.fi\/oulaistenmusiikkiviikot\/wp-json\/wp\/v2\/posts\/423","targetHints":{"allow":["GET"]}}],"collection":[{"href":"https:\/\/koeoulainen.fi\/oulaistenmusiikkiviikot\/wp-json\/wp\/v2\/posts"}],"about":[{"href":"https:\/\/koeoulainen.fi\/oulaistenmusiikkiviikot\/wp-json\/wp\/v2\/types\/post"}],"author":[{"embeddable":true,"href":"https:\/\/koeoulainen.fi\/oulaistenmusiikkiviikot\/wp-json\/wp\/v2\/users\/3"}],"replies":[{"embeddable":true,"href":"https:\/\/koeoulainen.fi\/oulaistenmusiikkiviikot\/wp-json\/wp\/v2\/comments?post=423"}],"version-history":[{"count":2,"href":"https:\/\/koeoulainen.fi\/oulaistenmusiikkiviikot\/wp-json\/wp\/v2\/posts\/423\/revisions"}],"predecessor-version":[{"id":426,"href":"https:\/\/koeoulainen.fi\/oulaistenmusiikkiviikot\/wp-json\/wp\/v2\/posts\/423\/revisions\/426"}],"wp:attachment":[{"href":"https:\/\/koeoulainen.fi\/oulaistenmusiikkiviikot\/wp-json\/wp\/v2\/media?parent=423"}],"wp:term":[{"taxonomy":"category","embeddable":true,"href":"https:\/\/koeoulainen.fi\/oulaistenmusiikkiviikot\/wp-json\/wp\/v2\/categories?post=423"},{"taxonomy":"post_tag","embeddable":true,"href":"https:\/\/koeoulainen.fi\/oulaistenmusiikkiviikot\/wp-json\/wp\/v2\/tags?post=423"}],"curies":[{"name":"wp","href":"https:\/\/api.w.org\/{rel}","templated":true}]}}