{"id":434,"date":"2021-11-16T11:25:23","date_gmt":"2021-11-16T09:25:23","guid":{"rendered":"https:\/\/koeoulainen.fi\/oulaistenmusiikkiviikot\/?p=434"},"modified":"2021-11-16T11:25:23","modified_gmt":"2021-11-16T09:25:23","slug":"erinin-10-vuotta-hunningolla-juhlakiertue-musiikkiviikoilla","status":"publish","type":"post","link":"https:\/\/koeoulainen.fi\/oulaistenmusiikkiviikot\/2021\/11\/16\/erinin-10-vuotta-hunningolla-juhlakiertue-musiikkiviikoilla\/","title":{"rendered":"Erinin 10 vuotta hunningolla -juhlakiertue musiikkiviikoilla"},"content":{"rendered":"\n<p>Musiikkiviikkojen monimuotoinen kolmas viikko k\u00e4ynnistyy keskiviikkoiltana, kun yl\u00e4koulun lavalle nousee Erin, 10 vuotta hunningolla-juhlakiertueensa my\u00f6t\u00e4. Persoonallisesta \u00e4\u00e4nest\u00e4\u00e4n ja koskettavista tulkinnoistaan tunnettu Erin on yksi maamme suosituimpia ja valovoimaisimpia artisteja. H\u00e4nen ensimm\u00e4inen sooloalbuminsa Hunningolla julkaistiin 2011, ja siit\u00e4 tuli jymymenestys; levy on ylitt\u00e4nyt moninkertaisen platinan rajan yli 80 000 kappaleen myynnill\u00e4. Albumilta j\u00e4iv\u00e4t el\u00e4m\u00e4\u00e4n j\u00e4ttihitit <em>Vanha nainen hunningolla, Popeda, Vanha syd\u00e4n<\/em> ja <em>On el\u00e4m\u00e4 laina<\/em>. Toiselta pitk\u00e4soittolevylt\u00e4 vuodelta 2014 l\u00f6ytyy ko.vuoden Vuoden biisi <em>Ei taida tiet\u00e4\u00e4 tytt\u00f6.<\/em> Erinin tuorein pitk\u00e4soitto Seliseli ilmestyi vuonna 2016. Uusin single <em>Niinku koko ajan<\/em> ilmestyi huhtikussa 2021 ja se nousi suoraan radioiden soittolistoille sek\u00e4 Spotifyn kuunnelluimpien kappaleiden joukkoon. Erin on ansainnut useita Emma-ehdokkuuksia urallaan.<\/p>\n\n\n\n<div class=\"wp-block-image\"><figure class=\"aligncenter size-large\"><img loading=\"lazy\" decoding=\"async\" width=\"724\" height=\"1024\" src=\"http:\/\/koeoulainen.fi\/oulaistenmusiikkiviikot\/wp-content\/uploads\/sites\/2\/2021\/11\/Musiikkiviikot-Erin-724x1024.jpg\" alt=\"Erin\" class=\"wp-image-435\" srcset=\"https:\/\/koeoulainen.fi\/oulaistenmusiikkiviikot\/wp-content\/uploads\/sites\/2\/2021\/11\/Musiikkiviikot-Erin-724x1024.jpg 724w, https:\/\/koeoulainen.fi\/oulaistenmusiikkiviikot\/wp-content\/uploads\/sites\/2\/2021\/11\/Musiikkiviikot-Erin-212x300.jpg 212w, https:\/\/koeoulainen.fi\/oulaistenmusiikkiviikot\/wp-content\/uploads\/sites\/2\/2021\/11\/Musiikkiviikot-Erin-768x1086.jpg 768w, https:\/\/koeoulainen.fi\/oulaistenmusiikkiviikot\/wp-content\/uploads\/sites\/2\/2021\/11\/Musiikkiviikot-Erin-1086x1536.jpg 1086w, https:\/\/koeoulainen.fi\/oulaistenmusiikkiviikot\/wp-content\/uploads\/sites\/2\/2021\/11\/Musiikkiviikot-Erin.jpg 1414w\" sizes=\"auto, (max-width: 724px) 100vw, 724px\" \/><\/figure><\/div>\n","protected":false},"excerpt":{"rendered":"<p>Musiikkiviikkojen monimuotoinen kolmas viikko k\u00e4ynnistyy keskiviikkoiltana, kun yl\u00e4koulun lavalle nousee Erin, 10 vuotta hunningolla-juhlakiertueensa my\u00f6t\u00e4. Persoonallisesta \u00e4\u00e4nest\u00e4\u00e4n ja koskettavista tulkinnoistaan tunnettu Erin on yksi maamme suosituimpia ja valovoimaisimpia artisteja. H\u00e4nen ensimm\u00e4inen sooloalbuminsa Hunningolla julkaistiin 2011, ja siit\u00e4 tuli jymymenestys; levy on ylitt\u00e4nyt moninkertaisen platinan rajan yli 80 000 kappaleen myynnill\u00e4. Albumilta j\u00e4iv\u00e4t el\u00e4m\u00e4\u00e4n j\u00e4ttihitit Vanha &hellip; <\/p>\n<p class=\"link-more\"><a href=\"https:\/\/koeoulainen.fi\/oulaistenmusiikkiviikot\/2021\/11\/16\/erinin-10-vuotta-hunningolla-juhlakiertue-musiikkiviikoilla\/\" class=\"more-link\">Lue lis\u00e4\u00e4<span class=\"screen-reader-text\"> &#8221;Erinin 10 vuotta hunningolla -juhlakiertue musiikkiviikoilla&#8221;<\/span><\/a><\/p>\n","protected":false},"author":3,"featured_media":0,"comment_status":"closed","ping_status":"closed","sticky":false,"template":"","format":"standard","meta":{"footnotes":""},"categories":[3],"tags":[12,5],"class_list":["post-434","post","type-post","status-publish","format-standard","hentry","category-ajankohtaista","tag-erin","tag-oulaistenmusiikkiviikot"],"_links":{"self":[{"href":"https:\/\/koeoulainen.fi\/oulaistenmusiikkiviikot\/wp-json\/wp\/v2\/posts\/434","targetHints":{"allow":["GET"]}}],"collection":[{"href":"https:\/\/koeoulainen.fi\/oulaistenmusiikkiviikot\/wp-json\/wp\/v2\/posts"}],"about":[{"href":"https:\/\/koeoulainen.fi\/oulaistenmusiikkiviikot\/wp-json\/wp\/v2\/types\/post"}],"author":[{"embeddable":true,"href":"https:\/\/koeoulainen.fi\/oulaistenmusiikkiviikot\/wp-json\/wp\/v2\/users\/3"}],"replies":[{"embeddable":true,"href":"https:\/\/koeoulainen.fi\/oulaistenmusiikkiviikot\/wp-json\/wp\/v2\/comments?post=434"}],"version-history":[{"count":1,"href":"https:\/\/koeoulainen.fi\/oulaistenmusiikkiviikot\/wp-json\/wp\/v2\/posts\/434\/revisions"}],"predecessor-version":[{"id":436,"href":"https:\/\/koeoulainen.fi\/oulaistenmusiikkiviikot\/wp-json\/wp\/v2\/posts\/434\/revisions\/436"}],"wp:attachment":[{"href":"https:\/\/koeoulainen.fi\/oulaistenmusiikkiviikot\/wp-json\/wp\/v2\/media?parent=434"}],"wp:term":[{"taxonomy":"category","embeddable":true,"href":"https:\/\/koeoulainen.fi\/oulaistenmusiikkiviikot\/wp-json\/wp\/v2\/categories?post=434"},{"taxonomy":"post_tag","embeddable":true,"href":"https:\/\/koeoulainen.fi\/oulaistenmusiikkiviikot\/wp-json\/wp\/v2\/tags?post=434"}],"curies":[{"name":"wp","href":"https:\/\/api.w.org\/{rel}","templated":true}]}}