{"id":437,"date":"2021-11-16T11:31:17","date_gmt":"2021-11-16T09:31:17","guid":{"rendered":"https:\/\/koeoulainen.fi\/oulaistenmusiikkiviikot\/?p=437"},"modified":"2021-11-16T11:31:17","modified_gmt":"2021-11-16T09:31:17","slug":"mystisia-joikuja-svengaavia-rytmeja-ja-improvisaatiota","status":"publish","type":"post","link":"https:\/\/koeoulainen.fi\/oulaistenmusiikkiviikot\/2021\/11\/16\/mystisia-joikuja-svengaavia-rytmeja-ja-improvisaatiota\/","title":{"rendered":"Mystisi\u00e4 joikuja, svengaavia rytmej\u00e4 ja improvisaatiota"},"content":{"rendered":"\n<p>Torstai-iltana Merkuriussalissa voidaan aistia \u00e4\u00e4nimaailma, joka tempaisee kuulijan matkalle pohjoisen tuntureille, Saamenmaan tuulien tuiverrukseen. Duo <strong>VILD\u00c1<\/strong> yhdist\u00e4\u00e4 mystiset joiut, heiluvat rytmit ja improvisaation kiehtovalla tavalla. Muusikot ammentavat musiikkiinsa vaikutteita saamelaisten vahvasta yhteydest\u00e4 luontoon, nykyp\u00e4iv\u00e4n popmusiikista sek\u00e4 suomalaisesta kansanmusiikista.<\/p>\n\n\n\n<p>Duon muodostavat Vuoden 2018 harmonikkataiteilija sek\u00e4 kansainv\u00e4lisiss\u00e4 musiikkikilpailuissa palkittu <strong>Viivi Maria Saarenkyl\u00e4<\/strong> ja upea\u00e4\u00e4ninen joikaaja-laulaja <strong>Hild\u00e1 L\u00e4nsman<\/strong>, joka palkittiin vuonna 2017 ensimm\u00e4isess\u00e4 Etnogaalassa Risteys-palkinnolla. Hild\u00e1 tunnetaan my\u00f6s Solju- ja G\u00e1janas-yhtyeist\u00e4. VILD\u00c1 on esiintynyt ja konsertoinut erilaisissa tilaisuuksissa konserteista elokuvan\u00e4yt\u00f6ksiin. Esikoisalbuminsa <em>Vildaluodda<\/em>-Wildprint\u00a0 duo julkaisi kev\u00e4\u00e4ll\u00e4 2019. VILD\u00c1 on keikkaillut Pohjoismaiden lis\u00e4ksi mm. Ranskassa, Espanjassa ja Kanadassa. Viime talvena VILD\u00c1 palkittiin Music Moves Europe Talent Awards-tapahtumassa Hollannissa. T\u00e4m\u00e4 vuotuinen EU-palkinto nostaa esiin uusia artisteja ja huomisp\u00e4iv\u00e4n eurooppalaista musiikkia.<\/p>\n\n\n\n<div class=\"wp-block-image\"><figure class=\"aligncenter size-large\"><img loading=\"lazy\" decoding=\"async\" width=\"724\" height=\"1024\" src=\"http:\/\/koeoulainen.fi\/oulaistenmusiikkiviikot\/wp-content\/uploads\/sites\/2\/2021\/11\/Musiikkiviikot-Vilda-724x1024.jpg\" alt=\"Vilda\" class=\"wp-image-438\" srcset=\"https:\/\/koeoulainen.fi\/oulaistenmusiikkiviikot\/wp-content\/uploads\/sites\/2\/2021\/11\/Musiikkiviikot-Vilda-724x1024.jpg 724w, https:\/\/koeoulainen.fi\/oulaistenmusiikkiviikot\/wp-content\/uploads\/sites\/2\/2021\/11\/Musiikkiviikot-Vilda-212x300.jpg 212w, https:\/\/koeoulainen.fi\/oulaistenmusiikkiviikot\/wp-content\/uploads\/sites\/2\/2021\/11\/Musiikkiviikot-Vilda-768x1086.jpg 768w, https:\/\/koeoulainen.fi\/oulaistenmusiikkiviikot\/wp-content\/uploads\/sites\/2\/2021\/11\/Musiikkiviikot-Vilda-1086x1536.jpg 1086w, https:\/\/koeoulainen.fi\/oulaistenmusiikkiviikot\/wp-content\/uploads\/sites\/2\/2021\/11\/Musiikkiviikot-Vilda.jpg 1414w\" sizes=\"auto, (max-width: 724px) 100vw, 724px\" \/><\/figure><\/div>\n","protected":false},"excerpt":{"rendered":"<p>Torstai-iltana Merkuriussalissa voidaan aistia \u00e4\u00e4nimaailma, joka tempaisee kuulijan matkalle pohjoisen tuntureille, Saamenmaan tuulien tuiverrukseen. Duo VILD\u00c1 yhdist\u00e4\u00e4 mystiset joiut, heiluvat rytmit ja improvisaation kiehtovalla tavalla. Muusikot ammentavat musiikkiinsa vaikutteita saamelaisten vahvasta yhteydest\u00e4 luontoon, nykyp\u00e4iv\u00e4n popmusiikista sek\u00e4 suomalaisesta kansanmusiikista. Duon muodostavat Vuoden 2018 harmonikkataiteilija sek\u00e4 kansainv\u00e4lisiss\u00e4 musiikkikilpailuissa palkittu Viivi Maria Saarenkyl\u00e4 ja upea\u00e4\u00e4ninen joikaaja-laulaja Hild\u00e1 L\u00e4nsman, &hellip; <\/p>\n<p class=\"link-more\"><a href=\"https:\/\/koeoulainen.fi\/oulaistenmusiikkiviikot\/2021\/11\/16\/mystisia-joikuja-svengaavia-rytmeja-ja-improvisaatiota\/\" class=\"more-link\">Lue lis\u00e4\u00e4<span class=\"screen-reader-text\"> &#8221;Mystisi\u00e4 joikuja, svengaavia rytmej\u00e4 ja improvisaatiota&#8221;<\/span><\/a><\/p>\n","protected":false},"author":3,"featured_media":0,"comment_status":"closed","ping_status":"closed","sticky":false,"template":"","format":"standard","meta":{"footnotes":""},"categories":[3],"tags":[5,13],"class_list":["post-437","post","type-post","status-publish","format-standard","hentry","category-ajankohtaista","tag-oulaistenmusiikkiviikot","tag-vilda"],"_links":{"self":[{"href":"https:\/\/koeoulainen.fi\/oulaistenmusiikkiviikot\/wp-json\/wp\/v2\/posts\/437","targetHints":{"allow":["GET"]}}],"collection":[{"href":"https:\/\/koeoulainen.fi\/oulaistenmusiikkiviikot\/wp-json\/wp\/v2\/posts"}],"about":[{"href":"https:\/\/koeoulainen.fi\/oulaistenmusiikkiviikot\/wp-json\/wp\/v2\/types\/post"}],"author":[{"embeddable":true,"href":"https:\/\/koeoulainen.fi\/oulaistenmusiikkiviikot\/wp-json\/wp\/v2\/users\/3"}],"replies":[{"embeddable":true,"href":"https:\/\/koeoulainen.fi\/oulaistenmusiikkiviikot\/wp-json\/wp\/v2\/comments?post=437"}],"version-history":[{"count":1,"href":"https:\/\/koeoulainen.fi\/oulaistenmusiikkiviikot\/wp-json\/wp\/v2\/posts\/437\/revisions"}],"predecessor-version":[{"id":439,"href":"https:\/\/koeoulainen.fi\/oulaistenmusiikkiviikot\/wp-json\/wp\/v2\/posts\/437\/revisions\/439"}],"wp:attachment":[{"href":"https:\/\/koeoulainen.fi\/oulaistenmusiikkiviikot\/wp-json\/wp\/v2\/media?parent=437"}],"wp:term":[{"taxonomy":"category","embeddable":true,"href":"https:\/\/koeoulainen.fi\/oulaistenmusiikkiviikot\/wp-json\/wp\/v2\/categories?post=437"},{"taxonomy":"post_tag","embeddable":true,"href":"https:\/\/koeoulainen.fi\/oulaistenmusiikkiviikot\/wp-json\/wp\/v2\/tags?post=437"}],"curies":[{"name":"wp","href":"https:\/\/api.w.org\/{rel}","templated":true}]}}