{"id":443,"date":"2021-11-17T10:20:52","date_gmt":"2021-11-17T08:20:52","guid":{"rendered":"https:\/\/koeoulainen.fi\/oulaistenmusiikkiviikot\/?p=443"},"modified":"2021-11-17T10:20:52","modified_gmt":"2021-11-17T08:20:52","slug":"musiikillinen-matka-karpaateille","status":"publish","type":"post","link":"https:\/\/koeoulainen.fi\/oulaistenmusiikkiviikot\/2021\/11\/17\/musiikillinen-matka-karpaateille\/","title":{"rendered":"Musiikillinen matka Karpaateille"},"content":{"rendered":"\n<p>Ukrainan Karpaattien alue on kaunista seutua keskiaikaisine linnoineen ja omintakeisine v\u00e4rikk\u00e4inen kansanperinteineen. Lauantai-iltana Merkuriussalissa esiintyv\u00e4 <strong>Brevis<\/strong> on seitsem\u00e4n lahjakkaan nuoren naisen ja miehen a cappella-ryhm\u00e4. Vuonna 2012 perustettu yhtye on onnistunut olemassaolonsa aikana niin yhdist\u00e4m\u00e4\u00e4n erilaisia musiikkityylej\u00e4 \u2013 hengellisest\u00e4 musiikista klassiseen, autenttisesta ukrainalaisesta kansanmusiikista jazziin \u2013 kuin luomaan uskomattoman ilmeikk\u00e4\u00e4n n\u00e4ytt\u00e4m\u00f6llepanon. Brevis on kysytty esiintyj\u00e4 niin kotimaassaan Ukrainassa kuin eri puolilla Eurooppaa. Suomessa yhtye on ensimm\u00e4ist\u00e4 kertaa ja kiertueen konserttiohjelma on musiikillinen matka Karpaateilla ennen joulua. Ohjelma on harmoninen kokonaisuus todellista ukrainalaista v\u00e4rikkyytt\u00e4 ja muinaisten joululaulujen &#8211; koljadien ja \u0161t\u0161edrikien &#8211; s\u00e4veli\u00e4.<\/p>\n\n\n\n<div class=\"wp-block-image\"><figure class=\"aligncenter size-large\"><img loading=\"lazy\" decoding=\"async\" width=\"724\" height=\"1024\" src=\"http:\/\/koeoulainen.fi\/oulaistenmusiikkiviikot\/wp-content\/uploads\/sites\/2\/2021\/11\/Musiikkiviikot-Brevis-724x1024.jpg\" alt=\"Brevis\" class=\"wp-image-444\" srcset=\"https:\/\/koeoulainen.fi\/oulaistenmusiikkiviikot\/wp-content\/uploads\/sites\/2\/2021\/11\/Musiikkiviikot-Brevis-724x1024.jpg 724w, https:\/\/koeoulainen.fi\/oulaistenmusiikkiviikot\/wp-content\/uploads\/sites\/2\/2021\/11\/Musiikkiviikot-Brevis-212x300.jpg 212w, https:\/\/koeoulainen.fi\/oulaistenmusiikkiviikot\/wp-content\/uploads\/sites\/2\/2021\/11\/Musiikkiviikot-Brevis-768x1086.jpg 768w, https:\/\/koeoulainen.fi\/oulaistenmusiikkiviikot\/wp-content\/uploads\/sites\/2\/2021\/11\/Musiikkiviikot-Brevis-1086x1536.jpg 1086w, https:\/\/koeoulainen.fi\/oulaistenmusiikkiviikot\/wp-content\/uploads\/sites\/2\/2021\/11\/Musiikkiviikot-Brevis.jpg 1414w\" sizes=\"auto, (max-width: 724px) 100vw, 724px\" \/><\/figure><\/div>\n","protected":false},"excerpt":{"rendered":"<p>Ukrainan Karpaattien alue on kaunista seutua keskiaikaisine linnoineen ja omintakeisine v\u00e4rikk\u00e4inen kansanperinteineen. Lauantai-iltana Merkuriussalissa esiintyv\u00e4 Brevis on seitsem\u00e4n lahjakkaan nuoren naisen ja miehen a cappella-ryhm\u00e4. Vuonna 2012 perustettu yhtye on onnistunut olemassaolonsa aikana niin yhdist\u00e4m\u00e4\u00e4n erilaisia musiikkityylej\u00e4 \u2013 hengellisest\u00e4 musiikista klassiseen, autenttisesta ukrainalaisesta kansanmusiikista jazziin \u2013 kuin luomaan uskomattoman ilmeikk\u00e4\u00e4n n\u00e4ytt\u00e4m\u00f6llepanon. Brevis on kysytty esiintyj\u00e4 &hellip; <\/p>\n<p class=\"link-more\"><a href=\"https:\/\/koeoulainen.fi\/oulaistenmusiikkiviikot\/2021\/11\/17\/musiikillinen-matka-karpaateille\/\" class=\"more-link\">Lue lis\u00e4\u00e4<span class=\"screen-reader-text\"> &#8221;Musiikillinen matka Karpaateille&#8221;<\/span><\/a><\/p>\n","protected":false},"author":3,"featured_media":0,"comment_status":"closed","ping_status":"closed","sticky":false,"template":"","format":"standard","meta":{"footnotes":""},"categories":[3],"tags":[16,5],"class_list":["post-443","post","type-post","status-publish","format-standard","hentry","category-ajankohtaista","tag-brevis","tag-oulaistenmusiikkiviikot"],"_links":{"self":[{"href":"https:\/\/koeoulainen.fi\/oulaistenmusiikkiviikot\/wp-json\/wp\/v2\/posts\/443","targetHints":{"allow":["GET"]}}],"collection":[{"href":"https:\/\/koeoulainen.fi\/oulaistenmusiikkiviikot\/wp-json\/wp\/v2\/posts"}],"about":[{"href":"https:\/\/koeoulainen.fi\/oulaistenmusiikkiviikot\/wp-json\/wp\/v2\/types\/post"}],"author":[{"embeddable":true,"href":"https:\/\/koeoulainen.fi\/oulaistenmusiikkiviikot\/wp-json\/wp\/v2\/users\/3"}],"replies":[{"embeddable":true,"href":"https:\/\/koeoulainen.fi\/oulaistenmusiikkiviikot\/wp-json\/wp\/v2\/comments?post=443"}],"version-history":[{"count":1,"href":"https:\/\/koeoulainen.fi\/oulaistenmusiikkiviikot\/wp-json\/wp\/v2\/posts\/443\/revisions"}],"predecessor-version":[{"id":445,"href":"https:\/\/koeoulainen.fi\/oulaistenmusiikkiviikot\/wp-json\/wp\/v2\/posts\/443\/revisions\/445"}],"wp:attachment":[{"href":"https:\/\/koeoulainen.fi\/oulaistenmusiikkiviikot\/wp-json\/wp\/v2\/media?parent=443"}],"wp:term":[{"taxonomy":"category","embeddable":true,"href":"https:\/\/koeoulainen.fi\/oulaistenmusiikkiviikot\/wp-json\/wp\/v2\/categories?post=443"},{"taxonomy":"post_tag","embeddable":true,"href":"https:\/\/koeoulainen.fi\/oulaistenmusiikkiviikot\/wp-json\/wp\/v2\/tags?post=443"}],"curies":[{"name":"wp","href":"https:\/\/api.w.org\/{rel}","templated":true}]}}