{"id":669,"date":"2022-09-29T12:44:17","date_gmt":"2022-09-29T09:44:17","guid":{"rendered":"https:\/\/koeoulainen.fi\/oulaistenmusiikkiviikot\/?p=669"},"modified":"2022-09-29T12:44:17","modified_gmt":"2022-09-29T09:44:17","slug":"esitteessa-painovirhepaholainen","status":"publish","type":"post","link":"https:\/\/koeoulainen.fi\/oulaistenmusiikkiviikot\/2022\/09\/29\/esitteessa-painovirhepaholainen\/","title":{"rendered":"Esitteess\u00e4 painovirhepaholainen!"},"content":{"rendered":"\n<p class=\"has-large-font-size\">Piirpauke esiintyy Merkuriussalissa<\/p>\n\n\n\n<p>Valitettavasti Piirpauken konserttipaikaksi oli jaettavassa ohjelmalehtisess\u00e4mme lipsahtanut Yl\u00e4koulun sali. Oikea paikka konsertille on kuitenkin <strong>Merkuriussali<\/strong>, kuten kaikkialla muualla olemmekin tiedottaneet. Is\u00e4np\u00e4iv\u00e4n\u00e4 su 13.11. klo 16 j\u00e4rjestett\u00e4v\u00e4n konsertin yhteydess\u00e4 on mahdollista nauttia t\u00e4ytekakkukahvit klo 15 alkaen. Tervetuloa!<\/p>\n\n\n\n<figure class=\"wp-block-image size-large\"><img loading=\"lazy\" decoding=\"async\" width=\"1024\" height=\"512\" src=\"http:\/\/koeoulainen.fi\/oulaistenmusiikkiviikot\/wp-content\/uploads\/sites\/2\/2022\/09\/Piirpauke-korjattu-1024x512.jpg\" alt=\"\" class=\"wp-image-670\" srcset=\"https:\/\/koeoulainen.fi\/oulaistenmusiikkiviikot\/wp-content\/uploads\/sites\/2\/2022\/09\/Piirpauke-korjattu-1024x512.jpg 1024w, https:\/\/koeoulainen.fi\/oulaistenmusiikkiviikot\/wp-content\/uploads\/sites\/2\/2022\/09\/Piirpauke-korjattu-300x150.jpg 300w, https:\/\/koeoulainen.fi\/oulaistenmusiikkiviikot\/wp-content\/uploads\/sites\/2\/2022\/09\/Piirpauke-korjattu-768x384.jpg 768w, https:\/\/koeoulainen.fi\/oulaistenmusiikkiviikot\/wp-content\/uploads\/sites\/2\/2022\/09\/Piirpauke-korjattu-1536x768.jpg 1536w, https:\/\/koeoulainen.fi\/oulaistenmusiikkiviikot\/wp-content\/uploads\/sites\/2\/2022\/09\/Piirpauke-korjattu-1800x900.jpg 1800w, https:\/\/koeoulainen.fi\/oulaistenmusiikkiviikot\/wp-content\/uploads\/sites\/2\/2022\/09\/Piirpauke-korjattu.jpg 2000w\" sizes=\"auto, (max-width: 1024px) 100vw, 1024px\" \/><figcaption>Piirpauke esiintyy is\u00e4np\u00e4iv\u00e4konsertissa Merkuriussalissa sunnuntaina 13.11.2022 klo 16<\/figcaption><\/figure>\n","protected":false},"excerpt":{"rendered":"<p>Piirpauke esiintyy Merkuriussalissa Valitettavasti Piirpauken konserttipaikaksi oli jaettavassa ohjelmalehtisess\u00e4mme lipsahtanut Yl\u00e4koulun sali. Oikea paikka konsertille on kuitenkin Merkuriussali, kuten kaikkialla muualla olemmekin tiedottaneet. Is\u00e4np\u00e4iv\u00e4n\u00e4 su 13.11. klo 16 j\u00e4rjestett\u00e4v\u00e4n konsertin yhteydess\u00e4 on mahdollista nauttia t\u00e4ytekakkukahvit klo 15 alkaen. Tervetuloa!<\/p>\n","protected":false},"author":3,"featured_media":0,"comment_status":"closed","ping_status":"closed","sticky":false,"template":"","format":"standard","meta":{"footnotes":""},"categories":[3,1],"tags":[],"class_list":["post-669","post","type-post","status-publish","format-standard","hentry","category-ajankohtaista","category-yleinen"],"_links":{"self":[{"href":"https:\/\/koeoulainen.fi\/oulaistenmusiikkiviikot\/wp-json\/wp\/v2\/posts\/669","targetHints":{"allow":["GET"]}}],"collection":[{"href":"https:\/\/koeoulainen.fi\/oulaistenmusiikkiviikot\/wp-json\/wp\/v2\/posts"}],"about":[{"href":"https:\/\/koeoulainen.fi\/oulaistenmusiikkiviikot\/wp-json\/wp\/v2\/types\/post"}],"author":[{"embeddable":true,"href":"https:\/\/koeoulainen.fi\/oulaistenmusiikkiviikot\/wp-json\/wp\/v2\/users\/3"}],"replies":[{"embeddable":true,"href":"https:\/\/koeoulainen.fi\/oulaistenmusiikkiviikot\/wp-json\/wp\/v2\/comments?post=669"}],"version-history":[{"count":1,"href":"https:\/\/koeoulainen.fi\/oulaistenmusiikkiviikot\/wp-json\/wp\/v2\/posts\/669\/revisions"}],"predecessor-version":[{"id":671,"href":"https:\/\/koeoulainen.fi\/oulaistenmusiikkiviikot\/wp-json\/wp\/v2\/posts\/669\/revisions\/671"}],"wp:attachment":[{"href":"https:\/\/koeoulainen.fi\/oulaistenmusiikkiviikot\/wp-json\/wp\/v2\/media?parent=669"}],"wp:term":[{"taxonomy":"category","embeddable":true,"href":"https:\/\/koeoulainen.fi\/oulaistenmusiikkiviikot\/wp-json\/wp\/v2\/categories?post=669"},{"taxonomy":"post_tag","embeddable":true,"href":"https:\/\/koeoulainen.fi\/oulaistenmusiikkiviikot\/wp-json\/wp\/v2\/tags?post=669"}],"curies":[{"name":"wp","href":"https:\/\/api.w.org\/{rel}","templated":true}]}}