{"id":708,"date":"2022-11-10T10:56:22","date_gmt":"2022-11-10T08:56:22","guid":{"rendered":"https:\/\/koeoulainen.fi\/oulaistenmusiikkiviikot\/?p=708"},"modified":"2022-11-10T10:56:22","modified_gmt":"2022-11-10T08:56:22","slug":"maku-ja-musiikkimatka-balkanille","status":"publish","type":"post","link":"https:\/\/koeoulainen.fi\/oulaistenmusiikkiviikot\/2022\/11\/10\/maku-ja-musiikkimatka-balkanille\/","title":{"rendered":"Maku- ja musiikkimatka Balkanille!"},"content":{"rendered":"\n<div class=\"wp-block-image\"><figure class=\"aligncenter size-large\"><img loading=\"lazy\" decoding=\"async\" width=\"1024\" height=\"1024\" src=\"http:\/\/koeoulainen.fi\/oulaistenmusiikkiviikot\/wp-content\/uploads\/sites\/2\/2022\/06\/Musiikkiviikot2022-1654-x-1654-px_Makujajamusiikkia_TeijaNiku-1024x1024.jpg\" alt=\"\" class=\"wp-image-602\" srcset=\"https:\/\/koeoulainen.fi\/oulaistenmusiikkiviikot\/wp-content\/uploads\/sites\/2\/2022\/06\/Musiikkiviikot2022-1654-x-1654-px_Makujajamusiikkia_TeijaNiku-1024x1024.jpg 1024w, https:\/\/koeoulainen.fi\/oulaistenmusiikkiviikot\/wp-content\/uploads\/sites\/2\/2022\/06\/Musiikkiviikot2022-1654-x-1654-px_Makujajamusiikkia_TeijaNiku-300x300.jpg 300w, https:\/\/koeoulainen.fi\/oulaistenmusiikkiviikot\/wp-content\/uploads\/sites\/2\/2022\/06\/Musiikkiviikot2022-1654-x-1654-px_Makujajamusiikkia_TeijaNiku-150x150.jpg 150w, https:\/\/koeoulainen.fi\/oulaistenmusiikkiviikot\/wp-content\/uploads\/sites\/2\/2022\/06\/Musiikkiviikot2022-1654-x-1654-px_Makujajamusiikkia_TeijaNiku-768x768.jpg 768w, https:\/\/koeoulainen.fi\/oulaistenmusiikkiviikot\/wp-content\/uploads\/sites\/2\/2022\/06\/Musiikkiviikot2022-1654-x-1654-px_Makujajamusiikkia_TeijaNiku-1536x1536.jpg 1536w, https:\/\/koeoulainen.fi\/oulaistenmusiikkiviikot\/wp-content\/uploads\/sites\/2\/2022\/06\/Musiikkiviikot2022-1654-x-1654-px_Makujajamusiikkia_TeijaNiku.jpg 1654w\" sizes=\"auto, (max-width: 1024px) 100vw, 1024px\" \/><\/figure><\/div>\n\n\n\n<p><strong>Makuja ja Musiikkia Balkan-teemalla!<\/strong><\/p>\n\n\n\n<p>T\u00e4n\u00e4 vuonna Oulaisten Musiikkiviikkojen maku- ja musiikkimatka suuntautuu Balkanin alueelle. Balkan on niemimaa Euroopan kaakkoisosassa. Nimens\u00e4 t\u00e4m\u00e4 alue on saanut Balkanvuorista &#8211; ja ne taas turkin kielen vuoriketjua tarkoittavasta sanasta.<\/p>\n\n\n\n<p>Balkaniin kuuluvia valtioita ovat Albania, Bosnia ja Hertsegovina, Bulgaria, Kosovo, Kreikka, Montenegro, Pohjois-Makedonia, Serbia ja Turkin Euroopan-puoleinen osa. My\u00f6s Kroatia, Slovenia ja Romania sijaitsevat osittain Balkanilla. Voimme siis vain kuvitella, miten laaja skaala erilaisia vivahteita ja tunnelmia niin ruuan kuin musiikinkin suhteen mahtuu t\u00e4lle alueelle!<\/p>\n\n\n\n<p><strong>Musiikista vastaa haitaritaiteilija Teija Niku!<\/strong><\/p>\n\n\n\n<p>Teija Niku on pitk\u00e4n linjan haitaritaiteilija, jonka innostus haitareihin syttyi jo pienen\u00e4. Nikun erityisosaamista ovat pohjoismainen ja balkanilainen kansanmusiikki.<\/p>\n\n\n\n<p>Haitari onkin yleisesti k\u00e4ytetty soitin Balkanin alueella. &nbsp;Balkanilaisessa musiikissa on samalla jotain tuttua, ja jotain hyvin mystist\u00e4. Se on erilaista, mihin l\u00e4nsimaisen musiikin kuuntelijat ovat tottuneet. Balkan onkin musiikillisten vaikutteiden sulatusuuni, jossa yhdistyy Balkanin alueen monikulttuuriset perinteet. Musiikissa voi kuulla mm. it\u00e4maisia, juutalaisia, slaavilaisia ja tietysti my\u00f6s l\u00e4nsimaisia vaikutteita.<\/p>\n\n\n\n<p>Balkanin musiikin omaper\u00e4isyys korostuu erityisesti rytmiikassa ja veikeiss\u00e4 tahtilajeissa, joita v\u00e4ritt\u00e4v\u00e4t Balkanin alueelle ominaiset melodiat.<\/p>\n\n\n\n<p><strong>AIKA:&nbsp;perjantai 11.11.2022 klo 19-22<br>PAIKKA<\/strong>:&nbsp;<strong>Koulutuskeskus JEDU, Oulaisten toimipiste, Oulaistenkatu 7<\/strong><\/p>\n\n\n\n<p>Liput 50 \u20ac<\/p>\n\n\n\n<p><em><strong>Makuja ja musiikkia \u2013illan paikat on myyty ennakkoon. Illan menu pidet\u00e4\u00e4n yll\u00e4tyksen\u00e4 ja julkaistaan tuttuun tapaan vasta tilaisuudessa. Anniskelun takia tilaisuus on K-18!<\/strong><\/em><\/p>\n","protected":false},"excerpt":{"rendered":"<p>Makuja ja Musiikkia Balkan-teemalla! T\u00e4n\u00e4 vuonna Oulaisten Musiikkiviikkojen maku- ja musiikkimatka suuntautuu Balkanin alueelle. Balkan on niemimaa Euroopan kaakkoisosassa. Nimens\u00e4 t\u00e4m\u00e4 alue on saanut Balkanvuorista &#8211; ja ne taas turkin kielen vuoriketjua tarkoittavasta sanasta. Balkaniin kuuluvia valtioita ovat Albania, Bosnia ja Hertsegovina, Bulgaria, Kosovo, Kreikka, Montenegro, Pohjois-Makedonia, Serbia ja Turkin Euroopan-puoleinen osa. My\u00f6s Kroatia, Slovenia &hellip; <\/p>\n<p class=\"link-more\"><a href=\"https:\/\/koeoulainen.fi\/oulaistenmusiikkiviikot\/2022\/11\/10\/maku-ja-musiikkimatka-balkanille\/\" class=\"more-link\">Lue lis\u00e4\u00e4<span class=\"screen-reader-text\"> &#8221;Maku- ja musiikkimatka Balkanille!&#8221;<\/span><\/a><\/p>\n","protected":false},"author":3,"featured_media":0,"comment_status":"closed","ping_status":"closed","sticky":false,"template":"","format":"standard","meta":{"footnotes":""},"categories":[3],"tags":[36,35,9,5,34],"class_list":["post-708","post","type-post","status-publish","format-standard","hentry","category-ajankohtaista","tag-balkan","tag-haitarimusiikki","tag-makujajamusiikkia","tag-oulaistenmusiikkiviikot","tag-teijaniku"],"_links":{"self":[{"href":"https:\/\/koeoulainen.fi\/oulaistenmusiikkiviikot\/wp-json\/wp\/v2\/posts\/708","targetHints":{"allow":["GET"]}}],"collection":[{"href":"https:\/\/koeoulainen.fi\/oulaistenmusiikkiviikot\/wp-json\/wp\/v2\/posts"}],"about":[{"href":"https:\/\/koeoulainen.fi\/oulaistenmusiikkiviikot\/wp-json\/wp\/v2\/types\/post"}],"author":[{"embeddable":true,"href":"https:\/\/koeoulainen.fi\/oulaistenmusiikkiviikot\/wp-json\/wp\/v2\/users\/3"}],"replies":[{"embeddable":true,"href":"https:\/\/koeoulainen.fi\/oulaistenmusiikkiviikot\/wp-json\/wp\/v2\/comments?post=708"}],"version-history":[{"count":1,"href":"https:\/\/koeoulainen.fi\/oulaistenmusiikkiviikot\/wp-json\/wp\/v2\/posts\/708\/revisions"}],"predecessor-version":[{"id":709,"href":"https:\/\/koeoulainen.fi\/oulaistenmusiikkiviikot\/wp-json\/wp\/v2\/posts\/708\/revisions\/709"}],"wp:attachment":[{"href":"https:\/\/koeoulainen.fi\/oulaistenmusiikkiviikot\/wp-json\/wp\/v2\/media?parent=708"}],"wp:term":[{"taxonomy":"category","embeddable":true,"href":"https:\/\/koeoulainen.fi\/oulaistenmusiikkiviikot\/wp-json\/wp\/v2\/categories?post=708"},{"taxonomy":"post_tag","embeddable":true,"href":"https:\/\/koeoulainen.fi\/oulaistenmusiikkiviikot\/wp-json\/wp\/v2\/tags?post=708"}],"curies":[{"name":"wp","href":"https:\/\/api.w.org\/{rel}","templated":true}]}}