{"id":836,"date":"2023-11-03T09:12:03","date_gmt":"2023-11-03T07:12:03","guid":{"rendered":"https:\/\/koeoulainen.fi\/oulaistenmusiikkiviikot\/?p=836"},"modified":"2023-11-03T09:12:53","modified_gmt":"2023-11-03T07:12:53","slug":"guardia-nueva-ja-jarkko-ahola-tunnelmoivat-ylakoulun-salissa","status":"publish","type":"post","link":"https:\/\/koeoulainen.fi\/oulaistenmusiikkiviikot\/2023\/11\/03\/guardia-nueva-ja-jarkko-ahola-tunnelmoivat-ylakoulun-salissa\/","title":{"rendered":"Guardia Nueva ja Jarkko Ahola tunnelmoivat yl\u00e4koulun salissa"},"content":{"rendered":"\n<figure class=\"wp-block-image size-large\"><img loading=\"lazy\" decoding=\"async\" width=\"1024\" height=\"1024\" src=\"http:\/\/koeoulainen.fi\/oulaistenmusiikkiviikot\/wp-content\/uploads\/sites\/2\/2023\/09\/Guardia-Nueva-1024x1024.jpg\" alt=\"\" class=\"wp-image-768\" srcset=\"https:\/\/koeoulainen.fi\/oulaistenmusiikkiviikot\/wp-content\/uploads\/sites\/2\/2023\/09\/Guardia-Nueva-1024x1024.jpg 1024w, https:\/\/koeoulainen.fi\/oulaistenmusiikkiviikot\/wp-content\/uploads\/sites\/2\/2023\/09\/Guardia-Nueva-300x300.jpg 300w, https:\/\/koeoulainen.fi\/oulaistenmusiikkiviikot\/wp-content\/uploads\/sites\/2\/2023\/09\/Guardia-Nueva-150x150.jpg 150w, https:\/\/koeoulainen.fi\/oulaistenmusiikkiviikot\/wp-content\/uploads\/sites\/2\/2023\/09\/Guardia-Nueva-768x768.jpg 768w, https:\/\/koeoulainen.fi\/oulaistenmusiikkiviikot\/wp-content\/uploads\/sites\/2\/2023\/09\/Guardia-Nueva-1536x1536.jpg 1536w, https:\/\/koeoulainen.fi\/oulaistenmusiikkiviikot\/wp-content\/uploads\/sites\/2\/2023\/09\/Guardia-Nueva.jpg 1654w\" sizes=\"auto, (max-width: 1024px) 100vw, 1024px\" \/><\/figure>\n\n\n\n<p>Oulaisten Musiikkiviikoilla konsertoiva <strong>Guardia Nueva<\/strong> on keskipohjalainen viihdeorkesteri, joka esitt\u00e4\u00e4 argentiinalaista sek\u00e4 suomalaista tangomusiikkia. N\u00e4iden ohella orkesteri esitt\u00e4\u00e4 my\u00f6s viihdemusiikkia, elektrotangoa ja kirkkomusiikkia. Guardia Nueva on tunnettu valovoimaisesta esiintymisest\u00e4\u00e4n, kekseli\u00e4ist\u00e4 sovituksistaan sek\u00e4 lahjakkaista soittajistaan.&nbsp;<\/p>\n\n\n\n<p>Solistina Musiikkiviikkojen konsertissa toimiva <strong>Jarkko Ahola<\/strong> on tullut tunnetuksi <strong>Ter\u00e4sbetoni<\/strong>-metalliyhtyeen solistina ja basistina. Ahola on my\u00f6s soittanut muissa yhtyeiss\u00e4, kuten <strong>Northern Kings<\/strong>, <strong>AHOLA<\/strong> ja <strong>Dreamtale<\/strong> sek\u00e4 ollut mukana <strong>Raskasta Joulua<\/strong> -kiertueilla. Aholan voimakas ja sielukas \u00e4\u00e4ni on lumonnut niin hevimusiikin, tunnelmallisten ikivihreiden kuin herkkien joululaulujen yst\u00e4v\u00e4t.&nbsp;&nbsp;<\/p>\n\n\n\n<p>Valovoimainen Guardia Nueva ja karismaattinen Jarkko Ahola luovat yhdess\u00e4 intohimoisen konsertti-illan \u2013 Suurella tunteella. Luvassa on rytmisesti ja soinnillisesti kekseli\u00e4it\u00e4 sovituksia sek\u00e4 jousisoittimien ja harmonikkojen dramaattisia sointuja yhdistettyn\u00e4 Aholan herkkiin tulkintoihin.&nbsp;&nbsp;<\/p>\n\n\n\n<p>Konsertin kapellimestarina toimii <strong>Raimo Vertainen<\/strong>.&nbsp;<\/p>\n\n\n\n<p><strong>Konsertti j\u00e4rjestet\u00e4\u00e4n perjantaina 3.11.2023 klo 19 ja paikkana toimii Oulaisten yl\u00e4koulun sali (Oulaistenkatu 58).<\/strong>&nbsp;<\/p>\n\n\n\n<p>Kirjoittajina Oulaisten lukion opiskelijat&nbsp;<\/p>\n","protected":false},"excerpt":{"rendered":"<p>Oulaisten Musiikkiviikoilla konsertoiva Guardia Nueva on keskipohjalainen viihdeorkesteri, joka esitt\u00e4\u00e4 argentiinalaista sek\u00e4 suomalaista tangomusiikkia. N\u00e4iden ohella orkesteri esitt\u00e4\u00e4 my\u00f6s viihdemusiikkia, elektrotangoa ja kirkkomusiikkia. Guardia Nueva on tunnettu valovoimaisesta esiintymisest\u00e4\u00e4n, kekseli\u00e4ist\u00e4 sovituksistaan sek\u00e4 lahjakkaista soittajistaan.&nbsp; Solistina Musiikkiviikkojen konsertissa toimiva Jarkko Ahola on tullut tunnetuksi Ter\u00e4sbetoni-metalliyhtyeen solistina ja basistina. Ahola on my\u00f6s soittanut muissa yhtyeiss\u00e4, kuten Northern &hellip; <\/p>\n<p class=\"link-more\"><a href=\"https:\/\/koeoulainen.fi\/oulaistenmusiikkiviikot\/2023\/11\/03\/guardia-nueva-ja-jarkko-ahola-tunnelmoivat-ylakoulun-salissa\/\" class=\"more-link\">Lue lis\u00e4\u00e4<span class=\"screen-reader-text\"> &#8221;Guardia Nueva ja Jarkko Ahola tunnelmoivat yl\u00e4koulun salissa&#8221;<\/span><\/a><\/p>\n","protected":false},"author":3,"featured_media":0,"comment_status":"closed","ping_status":"closed","sticky":false,"template":"","format":"standard","meta":{"footnotes":""},"categories":[3,1],"tags":[73,74,5,76,75],"class_list":["post-836","post","type-post","status-publish","format-standard","hentry","category-ajankohtaista","category-yleinen","tag-guardianueva","tag-jarkkoahola","tag-oulaistenmusiikkiviikot","tag-raimovertainen","tag-suurellatunteella"],"_links":{"self":[{"href":"https:\/\/koeoulainen.fi\/oulaistenmusiikkiviikot\/wp-json\/wp\/v2\/posts\/836","targetHints":{"allow":["GET"]}}],"collection":[{"href":"https:\/\/koeoulainen.fi\/oulaistenmusiikkiviikot\/wp-json\/wp\/v2\/posts"}],"about":[{"href":"https:\/\/koeoulainen.fi\/oulaistenmusiikkiviikot\/wp-json\/wp\/v2\/types\/post"}],"author":[{"embeddable":true,"href":"https:\/\/koeoulainen.fi\/oulaistenmusiikkiviikot\/wp-json\/wp\/v2\/users\/3"}],"replies":[{"embeddable":true,"href":"https:\/\/koeoulainen.fi\/oulaistenmusiikkiviikot\/wp-json\/wp\/v2\/comments?post=836"}],"version-history":[{"count":2,"href":"https:\/\/koeoulainen.fi\/oulaistenmusiikkiviikot\/wp-json\/wp\/v2\/posts\/836\/revisions"}],"predecessor-version":[{"id":838,"href":"https:\/\/koeoulainen.fi\/oulaistenmusiikkiviikot\/wp-json\/wp\/v2\/posts\/836\/revisions\/838"}],"wp:attachment":[{"href":"https:\/\/koeoulainen.fi\/oulaistenmusiikkiviikot\/wp-json\/wp\/v2\/media?parent=836"}],"wp:term":[{"taxonomy":"category","embeddable":true,"href":"https:\/\/koeoulainen.fi\/oulaistenmusiikkiviikot\/wp-json\/wp\/v2\/categories?post=836"},{"taxonomy":"post_tag","embeddable":true,"href":"https:\/\/koeoulainen.fi\/oulaistenmusiikkiviikot\/wp-json\/wp\/v2\/tags?post=836"}],"curies":[{"name":"wp","href":"https:\/\/api.w.org\/{rel}","templated":true}]}}