{"id":841,"date":"2023-11-08T16:02:48","date_gmt":"2023-11-08T14:02:48","guid":{"rendered":"https:\/\/koeoulainen.fi\/oulaistenmusiikkiviikot\/?p=841"},"modified":"2023-11-08T16:04:14","modified_gmt":"2023-11-08T14:04:14","slug":"kaikki-pikkuset-vengauksetkin-toivo-kuulan-keraysmatkat-soitten-ja-lakeuksien-mailla","status":"publish","type":"post","link":"https:\/\/koeoulainen.fi\/oulaistenmusiikkiviikot\/2023\/11\/08\/kaikki-pikkuset-vengauksetkin-toivo-kuulan-keraysmatkat-soitten-ja-lakeuksien-mailla\/","title":{"rendered":"\u201dKaikki pikkuset vengauksetkin\u201d &#8211; Toivo Kuulan ker\u00e4ysmatkat soitten ja lakeuksien mailla"},"content":{"rendered":"\n<figure class=\"wp-block-image size-large\"><img loading=\"lazy\" decoding=\"async\" width=\"1024\" height=\"1024\" src=\"http:\/\/koeoulainen.fi\/oulaistenmusiikkiviikot\/wp-content\/uploads\/sites\/2\/2023\/09\/Ryyppymaki-String-Band-1024x1024.jpg\" alt=\"\" class=\"wp-image-774\" srcset=\"https:\/\/koeoulainen.fi\/oulaistenmusiikkiviikot\/wp-content\/uploads\/sites\/2\/2023\/09\/Ryyppymaki-String-Band-1024x1024.jpg 1024w, https:\/\/koeoulainen.fi\/oulaistenmusiikkiviikot\/wp-content\/uploads\/sites\/2\/2023\/09\/Ryyppymaki-String-Band-300x300.jpg 300w, https:\/\/koeoulainen.fi\/oulaistenmusiikkiviikot\/wp-content\/uploads\/sites\/2\/2023\/09\/Ryyppymaki-String-Band-150x150.jpg 150w, https:\/\/koeoulainen.fi\/oulaistenmusiikkiviikot\/wp-content\/uploads\/sites\/2\/2023\/09\/Ryyppymaki-String-Band-768x768.jpg 768w, https:\/\/koeoulainen.fi\/oulaistenmusiikkiviikot\/wp-content\/uploads\/sites\/2\/2023\/09\/Ryyppymaki-String-Band-1536x1536.jpg 1536w, https:\/\/koeoulainen.fi\/oulaistenmusiikkiviikot\/wp-content\/uploads\/sites\/2\/2023\/09\/Ryyppymaki-String-Band.jpg 1654w\" sizes=\"auto, (max-width: 1024px) 100vw, 1024px\" \/><\/figure>\n\n\n\n<p>Keskiviikkoiltana Oulaisten kirkossa hel\u00e4ht\u00e4v\u00e4t vanhat etel\u00e4pohjalaiset kansanlaulut ja -s\u00e4velm\u00e4t.&nbsp; Jo 1900-luvun alussa Karjala ja Savo olivat vakiinnuttaneet maineensa rikkaina laulumaina. Etel\u00e4pohjalaiset ylioppilaat ja kotiseututy\u00f6st\u00e4 innostuneet halusivat osoittaa, ettei Pohjanmaa j\u00e4\u00e4 yht\u00e4\u00e4n huonommaksi. Kev\u00e4\u00e4ll\u00e4 1907 Etel\u00e4-Pohjanmaan kotiseutuyhdistys p\u00e4\u00e4tti l\u00e4hett\u00e4\u00e4 stipendiaatin ker\u00e4\u00e4m\u00e4\u00e4n kansanlauluja ja teht\u00e4v\u00e4\u00e4n valittiin 50 markan apurahalla musiikkiopistolainen Toivo Kuula, joka oli jo kes\u00e4ll\u00e4 1905 merkinnyt muistiin kansanlauluja pohjalaiselta pelimannilta. Kuula ker\u00e4si talteen merkitt\u00e4v\u00e4n m\u00e4\u00e4r\u00e4n kansanlauluja ja -s\u00e4velmi\u00e4 Etel\u00e4-Pohjanmaalta.&nbsp;<\/p>\n\n\n\n<p>Kes\u00e4ll\u00e4 Toivo Kuulan syntym\u00e4st\u00e4 tuli kuluneeksi 140 vuotta ja sit\u00e4 kunnioittaen Ryyppym\u00e4ki String Band kokoaa Oulaisten Musiikkiviikoille konsertin \u201dKaikki pikkuset vengauksetkin\u201d &#8211; Toivo Kuulan ker\u00e4ysmatkat soitten ja lakeuksien mailla. Konsertti on kokonaisuudessaan koottu Toivo Kuulan ker\u00e4\u00e4mist\u00e4 kansans\u00e4velmist\u00e4 ja kansanlauluista.&nbsp;<\/p>\n\n\n\n<p>Ryyppym\u00e4ki String Band on soittanut kaiken maailman kansanmusiikkia jo yli 30 vuoden ajan. Yhtyeen kokoonpano on vuosien varrella el\u00e4nyt ja mukana perustajaj\u00e4senist\u00e4 on Timo-pappa Hannula. Alkutaipaleella ohjelmistossa oli vahvasti mukana suomalaisen kansanmusiikin ohella amerikkalainen, irlantilainen ja muu ulkomainen perinne, mutta sittemmin yhtye on pureutunut yh\u00e4 vahvemmin kotimaiseen ja paikalliseen Jokilaaksojen alueen kulttuuriperinteeseen.&nbsp;<\/p>\n\n\n\n<p><strong>AIKA<\/strong>:<strong>&nbsp;ke 8.11.2023<\/strong>&nbsp;<strong>klo 19<\/strong><br><strong>PAIKKA<\/strong>:&nbsp;<strong>Oulaisten kirkko<\/strong>&nbsp;Oulaistenkatu 57<\/p>\n\n\n\n<p>Ohjelma 20 eur &nbsp;<\/p>\n","protected":false},"excerpt":{"rendered":"<p>Keskiviikkoiltana Oulaisten kirkossa hel\u00e4ht\u00e4v\u00e4t vanhat etel\u00e4pohjalaiset kansanlaulut ja -s\u00e4velm\u00e4t.&nbsp; Jo 1900-luvun alussa Karjala ja Savo olivat vakiinnuttaneet maineensa rikkaina laulumaina. Etel\u00e4pohjalaiset ylioppilaat ja kotiseututy\u00f6st\u00e4 innostuneet halusivat osoittaa, ettei Pohjanmaa j\u00e4\u00e4 yht\u00e4\u00e4n huonommaksi. Kev\u00e4\u00e4ll\u00e4 1907 Etel\u00e4-Pohjanmaan kotiseutuyhdistys p\u00e4\u00e4tti l\u00e4hett\u00e4\u00e4 stipendiaatin ker\u00e4\u00e4m\u00e4\u00e4n kansanlauluja ja teht\u00e4v\u00e4\u00e4n valittiin 50 markan apurahalla musiikkiopistolainen Toivo Kuula, joka oli jo kes\u00e4ll\u00e4 1905 &hellip; <\/p>\n<p class=\"link-more\"><a href=\"https:\/\/koeoulainen.fi\/oulaistenmusiikkiviikot\/2023\/11\/08\/kaikki-pikkuset-vengauksetkin-toivo-kuulan-keraysmatkat-soitten-ja-lakeuksien-mailla\/\" class=\"more-link\">Lue lis\u00e4\u00e4<span class=\"screen-reader-text\"> &#8221;\u201dKaikki pikkuset vengauksetkin\u201d &#8211; Toivo Kuulan ker\u00e4ysmatkat soitten ja lakeuksien mailla&#8221;<\/span><\/a><\/p>\n","protected":false},"author":3,"featured_media":0,"comment_status":"closed","ping_status":"closed","sticky":false,"template":"","format":"standard","meta":{"footnotes":""},"categories":[3,1],"tags":[79,5,81,80],"class_list":["post-841","post","type-post","status-publish","format-standard","hentry","category-ajankohtaista","category-yleinen","tag-kirkkokonsertti","tag-oulaistenmusiikkiviikot","tag-ryyppymakistringband","tag-toivokuula"],"_links":{"self":[{"href":"https:\/\/koeoulainen.fi\/oulaistenmusiikkiviikot\/wp-json\/wp\/v2\/posts\/841","targetHints":{"allow":["GET"]}}],"collection":[{"href":"https:\/\/koeoulainen.fi\/oulaistenmusiikkiviikot\/wp-json\/wp\/v2\/posts"}],"about":[{"href":"https:\/\/koeoulainen.fi\/oulaistenmusiikkiviikot\/wp-json\/wp\/v2\/types\/post"}],"author":[{"embeddable":true,"href":"https:\/\/koeoulainen.fi\/oulaistenmusiikkiviikot\/wp-json\/wp\/v2\/users\/3"}],"replies":[{"embeddable":true,"href":"https:\/\/koeoulainen.fi\/oulaistenmusiikkiviikot\/wp-json\/wp\/v2\/comments?post=841"}],"version-history":[{"count":2,"href":"https:\/\/koeoulainen.fi\/oulaistenmusiikkiviikot\/wp-json\/wp\/v2\/posts\/841\/revisions"}],"predecessor-version":[{"id":843,"href":"https:\/\/koeoulainen.fi\/oulaistenmusiikkiviikot\/wp-json\/wp\/v2\/posts\/841\/revisions\/843"}],"wp:attachment":[{"href":"https:\/\/koeoulainen.fi\/oulaistenmusiikkiviikot\/wp-json\/wp\/v2\/media?parent=841"}],"wp:term":[{"taxonomy":"category","embeddable":true,"href":"https:\/\/koeoulainen.fi\/oulaistenmusiikkiviikot\/wp-json\/wp\/v2\/categories?post=841"},{"taxonomy":"post_tag","embeddable":true,"href":"https:\/\/koeoulainen.fi\/oulaistenmusiikkiviikot\/wp-json\/wp\/v2\/tags?post=841"}],"curies":[{"name":"wp","href":"https:\/\/api.w.org\/{rel}","templated":true}]}}