{"id":858,"date":"2023-11-17T14:45:05","date_gmt":"2023-11-17T12:45:05","guid":{"rendered":"https:\/\/koeoulainen.fi\/oulaistenmusiikkiviikot\/?p=858"},"modified":"2023-11-17T14:45:05","modified_gmt":"2023-11-17T12:45:05","slug":"tiedote-pohjoisen-taivas-konsertti-peruuntuu","status":"publish","type":"post","link":"https:\/\/koeoulainen.fi\/oulaistenmusiikkiviikot\/2023\/11\/17\/tiedote-pohjoisen-taivas-konsertti-peruuntuu\/","title":{"rendered":"Tiedote: Pohjoisen taivas -konsertti peruuntuu"},"content":{"rendered":"\n<p><strong>Kriittinen m\u00e4\u00e4r\u00e4 V\u00e4lke-kuoron laulajista on sairaana. Oulaisten Musiikkiviikkojen \u201dPohjoisen taivas\u201d -konsertti sunnuntaina 19.11. on t\u00e4m\u00e4n vuoksi peruttu. Lipun ostaneisiin ollaan yhteydess\u00e4 joko Lippupiste.fi -toimistosta tai Oulaisten Musiikkiviikkojen lipunmyynnist\u00e4. Lis\u00e4tietoja tarvittaessa<\/strong><\/p>\n\n\n\n<p><strong><a href=\"mailto:musiikki@oulainen.fi\">musiikki@oulainen.fi<\/a>\u00a0\u00a0tai puh 044 4793 259 tai 044 4793 268<\/strong><\/p>\n\n\n\n<p><em>Oulaisten Musiikkiviikot pahoittelee tilannetta ja toivottaa laulajille pikaista paranemista!<\/em> <\/p>\n\n\n\n<p><\/p>\n","protected":false},"excerpt":{"rendered":"<p>Kriittinen m\u00e4\u00e4r\u00e4 V\u00e4lke-kuoron laulajista on sairaana. Oulaisten Musiikkiviikkojen \u201dPohjoisen taivas\u201d -konsertti sunnuntaina 19.11. on t\u00e4m\u00e4n vuoksi peruttu. Lipun ostaneisiin ollaan yhteydess\u00e4 joko Lippupiste.fi -toimistosta tai Oulaisten Musiikkiviikkojen lipunmyynnist\u00e4. Lis\u00e4tietoja tarvittaessa musiikki@oulainen.fi\u00a0\u00a0tai puh 044 4793 259 tai 044 4793 268 Oulaisten Musiikkiviikot pahoittelee tilannetta ja toivottaa laulajille pikaista paranemista!<\/p>\n","protected":false},"author":3,"featured_media":0,"comment_status":"closed","ping_status":"closed","sticky":false,"template":"","format":"standard","meta":{"footnotes":""},"categories":[3,1],"tags":[92,5,96],"class_list":["post-858","post","type-post","status-publish","format-standard","hentry","category-ajankohtaista","category-yleinen","tag-naiskuorovalke","tag-oulaistenmusiikkiviikot","tag-pohjoisentaivas"],"_links":{"self":[{"href":"https:\/\/koeoulainen.fi\/oulaistenmusiikkiviikot\/wp-json\/wp\/v2\/posts\/858","targetHints":{"allow":["GET"]}}],"collection":[{"href":"https:\/\/koeoulainen.fi\/oulaistenmusiikkiviikot\/wp-json\/wp\/v2\/posts"}],"about":[{"href":"https:\/\/koeoulainen.fi\/oulaistenmusiikkiviikot\/wp-json\/wp\/v2\/types\/post"}],"author":[{"embeddable":true,"href":"https:\/\/koeoulainen.fi\/oulaistenmusiikkiviikot\/wp-json\/wp\/v2\/users\/3"}],"replies":[{"embeddable":true,"href":"https:\/\/koeoulainen.fi\/oulaistenmusiikkiviikot\/wp-json\/wp\/v2\/comments?post=858"}],"version-history":[{"count":1,"href":"https:\/\/koeoulainen.fi\/oulaistenmusiikkiviikot\/wp-json\/wp\/v2\/posts\/858\/revisions"}],"predecessor-version":[{"id":859,"href":"https:\/\/koeoulainen.fi\/oulaistenmusiikkiviikot\/wp-json\/wp\/v2\/posts\/858\/revisions\/859"}],"wp:attachment":[{"href":"https:\/\/koeoulainen.fi\/oulaistenmusiikkiviikot\/wp-json\/wp\/v2\/media?parent=858"}],"wp:term":[{"taxonomy":"category","embeddable":true,"href":"https:\/\/koeoulainen.fi\/oulaistenmusiikkiviikot\/wp-json\/wp\/v2\/categories?post=858"},{"taxonomy":"post_tag","embeddable":true,"href":"https:\/\/koeoulainen.fi\/oulaistenmusiikkiviikot\/wp-json\/wp\/v2\/tags?post=858"}],"curies":[{"name":"wp","href":"https:\/\/api.w.org\/{rel}","templated":true}]}}