{"id":986,"date":"2024-11-15T09:46:12","date_gmt":"2024-11-15T07:46:12","guid":{"rendered":"https:\/\/koeoulainen.fi\/oulaistenmusiikkiviikot\/?p=986"},"modified":"2024-11-15T09:47:08","modified_gmt":"2024-11-15T07:47:08","slug":"rap-artisti-cledos-ikarajattomassa-nuortenkonsertissa","status":"publish","type":"post","link":"https:\/\/koeoulainen.fi\/oulaistenmusiikkiviikot\/2024\/11\/15\/rap-artisti-cledos-ikarajattomassa-nuortenkonsertissa\/","title":{"rendered":"Rap-artisti Cledos ik\u00e4rajattomassa nuortenkonsertissa"},"content":{"rendered":"\n<p><strong>Cledos houkuttelee kaikenik\u00e4iset r\u00e4ppifanit Oulaisiin<\/strong>!<\/p>\n\n\n\n<p>Vasta 25-vuotias Cledos on jo luonut merkitt\u00e4v\u00e4n uran t\u00e4m\u00e4n vuosikymmenen kiinnostavimpana rap-artistina. H\u00e4n on saanut useita Emma-ehdokkuuksia vuodesta 2017 l\u00e4htien ja h\u00e4nen monet kappaleet ovat striimanneet multiplatinaa. Cledos yhdistelee onnistuneesti musiikissaan erilaisia genrej\u00e4. H\u00e4n on my\u00f6s luonut musiikkia yhteisty\u00f6ss\u00e4 muiden tunnettujen artistien kanssa, kuten Ibe ja Behm. Cledos tunnetaan n\u00e4ytt\u00e4vist\u00e4 ja energisist\u00e4 keikoista ja h\u00e4nt\u00e4 seuraa jo laaja, sitoutunut fanikunta.&nbsp;&nbsp;<\/p>\n\n\n\n<p>Ennen Cledoksen esiintymist\u00e4 lavalle nousevat alueen nuoret alavieskalaisl\u00e4ht\u00f6iset rap-lahjakkuudet Brakston ja Tyyppi. 19-vuotias<strong>\u202fBrakston eli Valtteri Hintsala<\/strong> on Heimo Recordsin tuoreimpia artistikiinnityksi\u00e4. Parikymppinen <strong>Tyyppi eli Jussi Takkunen<\/strong> julkaisi ensimm\u00e4isen oman albuminsa \u201cMin\u00e4 &amp; Maailma\u201d viime syksyn\u00e4. Nyky\u00e4\u00e4n Ylivieskassa asuvat artistilupaukset ovat menestyneet hienosti my\u00f6s opiskelijoiden Saku Stars-kilpailuissa. Heid\u00e4t on n\u00e4hty aikaisemmin my\u00f6s Oulaisissa, viimeisimp\u00e4n\u00e4 Kurjenrannan Venetsialaisissa.\u202fOulaisten Musiikkiviikkojen konserttia edelt\u00e4\u00e4 Brakstonin ja Tyypin kouluvierailu kuudesluokkalaisille.\u00a0\u00a0<\/p>\n\n\n\n<p><strong>AIKA: pe 15.11.2024 klo 19\u00a0<\/strong><br><strong>PAIKKA: Juho Oksan koulun sali, Kaarikatu 3\u00a0<\/strong><\/p>\n\n\n\n<p><a rel=\"noreferrer noopener\" href=\"https:\/\/www.lippu.fi\/event\/oulaisten-musiikkiviikot-2024-juho-oksan-koulun-sali-19141362\/\" data-type=\"URL\" data-id=\"https:\/\/www.lippu.fi\/event\/oulaisten-musiikkiviikot-2024-juho-oksan-koulun-sali-19141362\/\" target=\"_blank\">Osta liput <\/a><\/p>\n\n\n\n<div class=\"wp-block-image\"><figure class=\"aligncenter size-large\"><img loading=\"lazy\" decoding=\"async\" width=\"1024\" height=\"1024\" src=\"http:\/\/koeoulainen.fi\/oulaistenmusiikkiviikot\/wp-content\/uploads\/sites\/2\/2024\/08\/Cledos-Brakston-Tyyppi-1024x1024.jpg\" alt=\"\" class=\"wp-image-907\" srcset=\"https:\/\/koeoulainen.fi\/oulaistenmusiikkiviikot\/wp-content\/uploads\/sites\/2\/2024\/08\/Cledos-Brakston-Tyyppi-1024x1024.jpg 1024w, https:\/\/koeoulainen.fi\/oulaistenmusiikkiviikot\/wp-content\/uploads\/sites\/2\/2024\/08\/Cledos-Brakston-Tyyppi-300x300.jpg 300w, https:\/\/koeoulainen.fi\/oulaistenmusiikkiviikot\/wp-content\/uploads\/sites\/2\/2024\/08\/Cledos-Brakston-Tyyppi-150x150.jpg 150w, https:\/\/koeoulainen.fi\/oulaistenmusiikkiviikot\/wp-content\/uploads\/sites\/2\/2024\/08\/Cledos-Brakston-Tyyppi-768x768.jpg 768w, https:\/\/koeoulainen.fi\/oulaistenmusiikkiviikot\/wp-content\/uploads\/sites\/2\/2024\/08\/Cledos-Brakston-Tyyppi.jpg 1080w\" sizes=\"auto, (max-width: 1024px) 100vw, 1024px\" \/><\/figure><\/div>\n","protected":false},"excerpt":{"rendered":"<p>Cledos houkuttelee kaikenik\u00e4iset r\u00e4ppifanit Oulaisiin! Vasta 25-vuotias Cledos on jo luonut merkitt\u00e4v\u00e4n uran t\u00e4m\u00e4n vuosikymmenen kiinnostavimpana rap-artistina. H\u00e4n on saanut useita Emma-ehdokkuuksia vuodesta 2017 l\u00e4htien ja h\u00e4nen monet kappaleet ovat striimanneet multiplatinaa. Cledos yhdistelee onnistuneesti musiikissaan erilaisia genrej\u00e4. H\u00e4n on my\u00f6s luonut musiikkia yhteisty\u00f6ss\u00e4 muiden tunnettujen artistien kanssa, kuten Ibe ja Behm. Cledos tunnetaan n\u00e4ytt\u00e4vist\u00e4 &hellip; <\/p>\n<p class=\"link-more\"><a href=\"https:\/\/koeoulainen.fi\/oulaistenmusiikkiviikot\/2024\/11\/15\/rap-artisti-cledos-ikarajattomassa-nuortenkonsertissa\/\" class=\"more-link\">Lue lis\u00e4\u00e4<span class=\"screen-reader-text\"> &#8221;Rap-artisti Cledos ik\u00e4rajattomassa nuortenkonsertissa&#8221;<\/span><\/a><\/p>\n","protected":false},"author":3,"featured_media":0,"comment_status":"closed","ping_status":"closed","sticky":false,"template":"","format":"standard","meta":{"footnotes":""},"categories":[3,1],"tags":[116,114,5,115,117],"class_list":["post-986","post","type-post","status-publish","format-standard","hentry","category-ajankohtaista","category-yleinen","tag-brakston","tag-cledos-nuortenkonsertti","tag-oulaistenmusiikkiviikot","tag-rapmusiikki","tag-tyyppi"],"_links":{"self":[{"href":"https:\/\/koeoulainen.fi\/oulaistenmusiikkiviikot\/wp-json\/wp\/v2\/posts\/986","targetHints":{"allow":["GET"]}}],"collection":[{"href":"https:\/\/koeoulainen.fi\/oulaistenmusiikkiviikot\/wp-json\/wp\/v2\/posts"}],"about":[{"href":"https:\/\/koeoulainen.fi\/oulaistenmusiikkiviikot\/wp-json\/wp\/v2\/types\/post"}],"author":[{"embeddable":true,"href":"https:\/\/koeoulainen.fi\/oulaistenmusiikkiviikot\/wp-json\/wp\/v2\/users\/3"}],"replies":[{"embeddable":true,"href":"https:\/\/koeoulainen.fi\/oulaistenmusiikkiviikot\/wp-json\/wp\/v2\/comments?post=986"}],"version-history":[{"count":1,"href":"https:\/\/koeoulainen.fi\/oulaistenmusiikkiviikot\/wp-json\/wp\/v2\/posts\/986\/revisions"}],"predecessor-version":[{"id":987,"href":"https:\/\/koeoulainen.fi\/oulaistenmusiikkiviikot\/wp-json\/wp\/v2\/posts\/986\/revisions\/987"}],"wp:attachment":[{"href":"https:\/\/koeoulainen.fi\/oulaistenmusiikkiviikot\/wp-json\/wp\/v2\/media?parent=986"}],"wp:term":[{"taxonomy":"category","embeddable":true,"href":"https:\/\/koeoulainen.fi\/oulaistenmusiikkiviikot\/wp-json\/wp\/v2\/categories?post=986"},{"taxonomy":"post_tag","embeddable":true,"href":"https:\/\/koeoulainen.fi\/oulaistenmusiikkiviikot\/wp-json\/wp\/v2\/tags?post=986"}],"curies":[{"name":"wp","href":"https:\/\/api.w.org\/{rel}","templated":true}]}}