{"id":988,"date":"2024-11-15T09:58:05","date_gmt":"2024-11-15T07:58:05","guid":{"rendered":"https:\/\/koeoulainen.fi\/oulaistenmusiikkiviikot\/?p=988"},"modified":"2024-11-15T09:58:05","modified_gmt":"2024-11-15T07:58:05","slug":"oulaisten-musiikkiviikoilla-soi-lastenmusiikki-valtakunnallisella-lastenmusiikkiviikolla","status":"publish","type":"post","link":"https:\/\/koeoulainen.fi\/oulaistenmusiikkiviikot\/2024\/11\/15\/oulaisten-musiikkiviikoilla-soi-lastenmusiikki-valtakunnallisella-lastenmusiikkiviikolla\/","title":{"rendered":"Oulaisten Musiikkiviikoilla soi lastenmusiikki valtakunnallisella Lastenmusiikkiviikolla!"},"content":{"rendered":"\n<p>Lauantain lastenkonsertissa lavan valloittaa ihastuttava Siina &amp; Taikaradio-Orkesteri.\u202f Konsertti pit\u00e4\u00e4 sis\u00e4ll\u00e4\u00e4n leikitt\u00e4v\u00e4\u00e4 ja laulettavaa lastenmusiikkia joka l\u00e4ht\u00f6\u00f6n. Taikaradio-Orkesterin akustisen l\u00e4mmin ja innostava musiikki ilahduttaa kuulijansa p\u00e4iv\u00e4\u00e4 niin ikisuosittujen perinteisten tuttujen kuin uudempienkin laululeikkien s\u00e4velin!\u00a0<\/p>\n\n\n\n<p>Taikaradio on t\u00e4ynn\u00e4 lauluja ja valmiina seikkailuun. Siina &amp; Taikaradio-Orkesteri sek\u00e4 Oulaisten Suuri Lapsikuoro kutsuvat koko perheen hauskalle musiikkiretkelle. Kaikki p\u00e4\u00e4sev\u00e4t mukaan yhteiseen lauluun ja leikkiin!&nbsp;<\/p>\n\n\n\n<p>Kaikkien lauluapua tarvitaan, jotta musiikillinen seikkailu on mahdollista. Mink\u00e4lainen musiikkiseikkailu meit\u00e4 odottaa ja keit\u00e4 tapaamme vauhdikkaalla retkell\u00e4?\u202f Kohtaammeko vanhoja tuttuja vai saammeko uusi yst\u00e4vi\u00e4?&nbsp;<\/p>\n\n\n\n<p>Lastenkonsertit ovat olleet jo pitk\u00e4\u00e4n t\u00e4rke\u00e4 osa Musiikkiviikkojen ohjelmistoa. Lastenmusiikista ja kasvatusty\u00f6st\u00e4 palkittu Siina Hirvonen on vieraillut Oulaisten Musiikkiviikoilla jo vuonna 2014, jolloin Oulaisten Suuri Lapsikuoro oli laulamassa lastenkonsertissa ensimm\u00e4ist\u00e4 kertaa. T\u00e4n\u00e4kin vuonna Siinan kanssa lavalle nousee Oulaisten Suuri Lapsikuoro. Kuorossa laulavat kaikki oulaistelaiset painotettua musiikkia opiskelevat oppilaat sek\u00e4 Juho Oksan kuorolaiset, joten Suuri Lapsikuoro on todellakin suuri: noin 90 laulavaa lasta! Kuoroa valmentavat ja johtavat Henna Hannula, Tarja M\u00e4kinen ja P\u00e4ivi Tauriainen.&nbsp;<\/p>\n\n\n\n<p>Tervetuloa kaikki mukaan yhteiseen ja iloiseen musiikkiseikkailuun! <\/p>\n\n\n\n<p><strong>Ilmaiskonsertin tarjoaa OP Suomenselk\u00e4.\u202f\u00a0<\/strong>Paikkavarauksen voi tehd\u00e4 ennakkoon lipunmyynnist\u00e4mme!<\/p>\n\n\n\n<p><strong>AIKA: lauantai 16.11.2024 klo 15\u00a0<\/strong><br><strong>PAIKKA: Juho Oksan koulun sali, Kaarikatu 3\u00a0<\/strong><\/p>\n\n\n\n<div class=\"wp-block-image\"><figure class=\"aligncenter size-large\"><img loading=\"lazy\" decoding=\"async\" width=\"1024\" height=\"1024\" src=\"http:\/\/koeoulainen.fi\/oulaistenmusiikkiviikot\/wp-content\/uploads\/sites\/2\/2024\/08\/Siina-ja-Taikaradio-1024x1024.jpg\" alt=\"\" class=\"wp-image-914\" srcset=\"https:\/\/koeoulainen.fi\/oulaistenmusiikkiviikot\/wp-content\/uploads\/sites\/2\/2024\/08\/Siina-ja-Taikaradio-1024x1024.jpg 1024w, https:\/\/koeoulainen.fi\/oulaistenmusiikkiviikot\/wp-content\/uploads\/sites\/2\/2024\/08\/Siina-ja-Taikaradio-300x300.jpg 300w, https:\/\/koeoulainen.fi\/oulaistenmusiikkiviikot\/wp-content\/uploads\/sites\/2\/2024\/08\/Siina-ja-Taikaradio-150x150.jpg 150w, https:\/\/koeoulainen.fi\/oulaistenmusiikkiviikot\/wp-content\/uploads\/sites\/2\/2024\/08\/Siina-ja-Taikaradio-768x768.jpg 768w, https:\/\/koeoulainen.fi\/oulaistenmusiikkiviikot\/wp-content\/uploads\/sites\/2\/2024\/08\/Siina-ja-Taikaradio.jpg 1080w\" sizes=\"auto, (max-width: 1024px) 100vw, 1024px\" \/><\/figure><\/div>\n","protected":false},"excerpt":{"rendered":"<p>Lauantain lastenkonsertissa lavan valloittaa ihastuttava Siina &amp; Taikaradio-Orkesteri.\u202f Konsertti pit\u00e4\u00e4 sis\u00e4ll\u00e4\u00e4n leikitt\u00e4v\u00e4\u00e4 ja laulettavaa lastenmusiikkia joka l\u00e4ht\u00f6\u00f6n. Taikaradio-Orkesterin akustisen l\u00e4mmin ja innostava musiikki ilahduttaa kuulijansa p\u00e4iv\u00e4\u00e4 niin ikisuosittujen perinteisten tuttujen kuin uudempienkin laululeikkien s\u00e4velin!\u00a0 Taikaradio on t\u00e4ynn\u00e4 lauluja ja valmiina seikkailuun. Siina &amp; Taikaradio-Orkesteri sek\u00e4 Oulaisten Suuri Lapsikuoro kutsuvat koko perheen hauskalle musiikkiretkelle. Kaikki p\u00e4\u00e4sev\u00e4t &hellip; <\/p>\n<p class=\"link-more\"><a href=\"https:\/\/koeoulainen.fi\/oulaistenmusiikkiviikot\/2024\/11\/15\/oulaisten-musiikkiviikoilla-soi-lastenmusiikki-valtakunnallisella-lastenmusiikkiviikolla\/\" class=\"more-link\">Lue lis\u00e4\u00e4<span class=\"screen-reader-text\"> &#8221;Oulaisten Musiikkiviikoilla soi lastenmusiikki valtakunnallisella Lastenmusiikkiviikolla!&#8221;<\/span><\/a><\/p>\n","protected":false},"author":3,"featured_media":0,"comment_status":"closed","ping_status":"closed","sticky":false,"template":"","format":"standard","meta":{"footnotes":""},"categories":[3,1],"tags":[119,66,5,15,118],"class_list":["post-988","post","type-post","status-publish","format-standard","hentry","category-ajankohtaista","category-yleinen","tag-lastenkonsertti","tag-lastenmusiikkiviikko","tag-oulaistenmusiikkiviikot","tag-oulaistensuurilapsikuoro","tag-siinajataikaradio"],"_links":{"self":[{"href":"https:\/\/koeoulainen.fi\/oulaistenmusiikkiviikot\/wp-json\/wp\/v2\/posts\/988","targetHints":{"allow":["GET"]}}],"collection":[{"href":"https:\/\/koeoulainen.fi\/oulaistenmusiikkiviikot\/wp-json\/wp\/v2\/posts"}],"about":[{"href":"https:\/\/koeoulainen.fi\/oulaistenmusiikkiviikot\/wp-json\/wp\/v2\/types\/post"}],"author":[{"embeddable":true,"href":"https:\/\/koeoulainen.fi\/oulaistenmusiikkiviikot\/wp-json\/wp\/v2\/users\/3"}],"replies":[{"embeddable":true,"href":"https:\/\/koeoulainen.fi\/oulaistenmusiikkiviikot\/wp-json\/wp\/v2\/comments?post=988"}],"version-history":[{"count":1,"href":"https:\/\/koeoulainen.fi\/oulaistenmusiikkiviikot\/wp-json\/wp\/v2\/posts\/988\/revisions"}],"predecessor-version":[{"id":989,"href":"https:\/\/koeoulainen.fi\/oulaistenmusiikkiviikot\/wp-json\/wp\/v2\/posts\/988\/revisions\/989"}],"wp:attachment":[{"href":"https:\/\/koeoulainen.fi\/oulaistenmusiikkiviikot\/wp-json\/wp\/v2\/media?parent=988"}],"wp:term":[{"taxonomy":"category","embeddable":true,"href":"https:\/\/koeoulainen.fi\/oulaistenmusiikkiviikot\/wp-json\/wp\/v2\/categories?post=988"},{"taxonomy":"post_tag","embeddable":true,"href":"https:\/\/koeoulainen.fi\/oulaistenmusiikkiviikot\/wp-json\/wp\/v2\/tags?post=988"}],"curies":[{"name":"wp","href":"https:\/\/api.w.org\/{rel}","templated":true}]}}